{"id":16576,"date":"2023-12-05T13:21:47","date_gmt":"2023-12-05T12:21:47","guid":{"rendered":"http:\/\/www.aicw.it\/?p=16576"},"modified":"2023-12-05T17:48:58","modified_gmt":"2023-12-05T16:48:58","slug":"aicw-anticipazioni-2024-intervista-al-presidente-cristiano-siringo","status":"publish","type":"post","link":"https:\/\/www.aicw.it\/index.php\/2023\/12\/05\/aicw-anticipazioni-2024-intervista-al-presidente-cristiano-siringo\/","title":{"rendered":"AICW Anticipazioni 2024, INTERVISTA al Presidente, Cristiano Siringo"},"content":{"rendered":"<p><em>intervista Roberta Pala<\/em><\/p>\n<p><em>foto courtesy Nora Alessandroni, Elena Giolai, Moan Photos, Cristiano Siringo<\/em><\/p>\n<p>&nbsp;<\/p>\n<p>Dopo l\u2019uscita dei Calendari 2024, abbiamo raggiunto Cristiano Siringo, Presidente AICW, per un bilancio della stagione appena conclusasi, e per le anticipazioni 2024.<\/p>\n<ul>\n<li><strong>Ciao Cristiano, si \u00e8 appena concluso l\u2019anno agonistico 2023, un bilancio della stagione appena terminata?<\/strong><\/li>\n<\/ul>\n<p>Ciao Roberta, il bilancio \u00e8 assolutamente positivo, siamo riusciti a riportare grande interesse sul Campionato Italiano Slalom pinna &amp; foil, sia Assoluto, sia Giovanile, e ci\u00f2 credo sia dovuto, in primis, alla scelta del Consiglio Direttivo AICW di rischiare e tornare a un campionato basato su diverse tappe, come era sempre stato in passato con il CIF, e poi con il PBA, invece che su data unica come richiede FIV da quando AICW \u00e8 diventato ente aggregato di quest\u2019ultima, con delega alla gestione del windsurf agonistico italiano.<\/p>\n<p>Di questo chiaramente devo ringraziare la FIV che ce lo ha permesso, capendo che, in un momento di cos\u00ec grande crisi, bisognava lasciarci investire per un futuro. speriamo migliore.<\/p>\n<p>E l\u2019investimento in effetti c\u2019\u00e8 stato, vedi UdR che vengono rimborsati da FIV solo per la data unica, mentre in questo caso, molta della spesa \u00e8 stata a carico di Circoli e di AICW, rimborsi spese dati ai ragazzi del Giovanile e investimenti generali per supportare i Circoli nell\u2019organizzazione delle tappe, ma ci\u00f2 ha dato grandi soddisfazioni, anche grazie ad Allenatori e Genitori della flotta giovanile, che hanno capito lo sforzo e ci hanno seguito, e che non smetter\u00f2 mai di ringraziare, insieme chiaramente ai miei Consiglieri, che si sono occupati in proprio di alcune tappe, ai Circoli, agli UdR, ai Posa boe, alle Segretarie e tutti quelli che sto dimenticando&#8230;<\/p>\n<p>Altro ringraziamento poi va a Point7, anzi ad Andrea Cucchi, che ci ha aiutato con i premi in un periodo in cui le Case costruttrici, Importatori, Negozianti ecc., del windsurf, hanno gravi problemi e crisi di vendite tali da non permetter loro di supportarci.<\/p>\n<p>Note negative comunque ce ne sono, un calo generalizzato della flotta Formula dovuta al mancato ricambio generazionale, e la quasi sparizione del freeestyle, ma non da oggi, dove i pochi regatanti rimasti, che si contano sulle dita di una mano, vanno solo alle gare Europee e del PWA, circostanza questa che al momento, nonostante l\u2019inserimento in calendario, dallo scorso anno, del famoso Sa Barra Contest di Gigi Madeddu, quale Campionato Italiano, non ne permette lo svolgimento.<\/p>\n<p>Altra nota agro dolce \u00e8 il wave, che fino al 2022 non si era riusciti d organizzare per le condi meteo sfavorevoli, e che nel 2023, nonostante le mareggiate autunnali non \u00e8 stato fatto a Banzai per motivi organizzativi; ma ne parliamo dopo&#8230;<\/p>\n<ul>\n<li><strong>Ci avevi gi\u00e0 anticipato la possibilit\u00e0 di aggiungere delle tappe al calendario 2024, quali saranno le novit\u00e0 per la prossima stagione, e quali le conferme?<\/strong><\/li>\n<\/ul>\n<p>Per rispondere a questa domanda faccio prima a mettere il calendario 2024, come gi\u00e0 votato ed approvato dal Consiglio Direttivo AICW, con la piccola notazione che lo sforzo fatto nel 2023, ha portato nuovo interesse nella disciplina Slalom con i Circoli che, finalmente, ci cercano in primis per il numero dei regatanti, finalmente in incremento dopo due anni chiamiamoli \u201cdifficili\u201d, senza dimenticare lo strascico Covid, e un poco anche per il nuovo format, che ha unito giovani e senior, e ha portato un bel movimento anche interessante a livello turistico per le strutture ricettive locali.<\/p>\n<p>Ci\u00f2 ha, per\u00f2, anche comportato l\u2019impossibilit\u00e0 di soddisfare tutte le richieste e candidature pervenuteci, vedi le mancate assegnazioni a Calambrone ed Andora che si erano sovrapposte ad Ancona ed Elba, queste ultime scelte solo per una questione temporale e di equit\u00e0, avendo inviato le candidature prima e nei tempi richiesti; comunque per il 2025 troveremo il modo di accontentare tutti, magari anche prevedendo delle Long Distance modello \u201cDef\u00ec\u2019\u201d con eventi paralleli di richiamo.<\/p>\n<p>Tra l\u2019altro, per il 2024, abbiamo creato una sorta di mini \u201cGran Slam\u201d accorpando all\u2019Elba la Finale Slalom, e i Campionati Assoluti Formula Windsurfing Fin &amp; Foil e l\u2019Italiano Raceboard, dal 3 al 6 Ottobre 2024 il Lido di Capoliveri diverr\u00e0 il centro del windsurf Italiano.<\/p>\n<p>Ecco il Calendario 2024 definitivo:<\/p>\n<ul>\n<li>1^ Tappa Campionato Italiano Slalom Assoluto &amp; Giovanile Pinna e Foil dal 26\/04\/2024 al 28\/04\/2024 a Marina di Ragusa;<\/li>\n<li>2^ Tappa Campionato Italiano Slalom Assoluto &amp; Giovanile Pinna e Foil\/ Trofeo Neirotti dal 17\/05\/2024 al 19\/05\/2024 a Torbole;<\/li>\n<li>3^ Tappa Campionato Italiano Slalom Assoluto &amp; Giovanile Pinna e Foil dal 28\/06\/2024 al 30\/06\/2024 a Calasetta;<\/li>\n<li>4^ Tappa Campionato Italiano Slalom Assoluto &amp; Giovanile Pinna e Foil dal 12\/07\/2024 al 14\/07\/2024 a Talamone;<\/li>\n<li>5^ Tappa Campionato Italiano Slalom Assoluto &amp; Giovanile Pinna e Foil dal 13\/09\/2024 al 15\/09\/2024 ad Ancona;<\/li>\n<li>6^ Tappa Campionato Italiano Slalom Assoluto &amp; Giovanile Pinna e Foil dal 03\/10\/2024 al 06\/10\/2024 all\u2019Isola D\u2019Elba.<\/li>\n<\/ul>\n<p>*\u00b0*\u00b0*\u00b0*\u00b0*\u00b0*<\/p>\n<ul>\n<li>Campionato Italiano Formula Windsurfing Pinna dal 03\/10\/2024 al 06\/10\/2024 all\u2019Isola D\u2019Elba;<\/li>\n<li>Campionato Italiano Formula Windsurfing Foil dal 03\/10\/2024 al 06\/10\/2024 all\u2019Isola D\u2019Elba.<\/li>\n<\/ul>\n<p>*\u00b0*\u00b0*\u00b0*\u00b0*\u00b0*<\/p>\n<ul>\n<li>Campionato Italiano Raceboard dal 03\/10\/2024 al 06\/10\/2024 all\u2019Isola D\u2019Elba.<\/li>\n<\/ul>\n<p>*\u00b0*\u00b0*\u00b0*\u00b0*\u00b0*<\/p>\n<ul>\n<li>Campionato Italiano Wave Oristano\/Banzai &#8211; 1\u00b0 Waiting Period dal 01\/05\/2024 al 30\/06\/2024;<\/li>\n<li>Campionato Italiano Wave Oristano\/Banzai &#8211; 2\u00b0 Waiting Period dal 15\/09\/2024 al 15\/11\/2024.<\/li>\n<\/ul>\n<p>*\u00b0*\u00b0*\u00b0*\u00b0*\u00b0*<\/p>\n<ul>\n<li>Campionato Italiano Freestyle Sa Barra Contest &#8211; Waiting Period dal 15\/04\/2024 al 15\/06\/2024.<\/li>\n<\/ul>\n<p>&nbsp;<\/p>\n<ul>\n<li><strong>Tutti i ragazzi dello Slalom hanno enormemente apprezzato la finale dell\u2019Elba, avete riconfermato la tappa conclusiva a Capoliveri?<\/strong><\/li>\n<\/ul>\n<p>Assolutamente si, anche perch\u00e9 i ragazzi del Circolo di Naregno e del Wind &amp; Snack della famiglia Reuscher\/Colombi sono stati i primi a candidarsi, e inoltre la finale del 2023, da loro organizzata, \u00e8 stata un enorme successo. Tra l\u2019altro nel 2024 godremo anche di maggior aiuto da parte delle Amministrazioni locali, vedi Comune di Capoliveri e Provincia Elbana, in quanto, al momento, non si prevede l\u2019organizzazione della Capoliveri Legend Cup di mountain bike, che slitter\u00e0 pare al 2025, e pertanto tutte le attenzioni saranno spostate su di noi, circostanza questa che, oltre a inorgoglirci ed a caricarci di responsabilit\u00e0, ci ha convinti a rilanciare ed assegnargli, come detto, uno Slam di Campionati Italiani compresa la Formula Windsurfing.<\/p>\n<p>&nbsp;<\/p>\n<ul>\n<li><strong>Nell\u2019articolo conclusivo del campionato 2023, ci avevi accennato dei nuovi criteri Slalom per la prossima stagione, vuoi ripeterci pi\u00f9 dettagliatamente quali saranno?<\/strong><\/li>\n<\/ul>\n<p>Certamente, e sono anche migliorativi rispetto alle nuove regole che IFCA voter\u00e0 a breve; devo dire che siamo sempre stati un passo avanti, reagendo sempre prontamente alle novit\u00e0 che avanzavano (vedi primi in Europa ad assegnare titoli foil), ed alle difficolt\u00e0 che si presentavano (percorsi, caschi e impact obbligatori, limiti di vento, doppie ali e fusoliere):<\/p>\n<p>\u2013 limite vento Foil: 7-20 nodi;<\/p>\n<p>\u2013 limite vento Pinna: 11 nodi a salire;<\/p>\n<p>\u2013 larghezza massima tavole: 95 cm (ci rientra anche l\u2019IQ Foil);<\/p>\n<p>\u2013 totale attrezzatura stazzabile: 3 tavole e 6 vele complessive di cui:<\/p>\n<ol>\n<li>1 sola tavola slalom foil;<\/li>\n<li>2 sole tavole slalom pinna;<\/li>\n<\/ol>\n<p>\u2013 6 vele, o meno, libere max 10mq;<\/p>\n<p>\u2013 foil: 1 mast \u2013 2 fusoliere \u2013 2 ali anteriori e 2 ali posteriori;<\/p>\n<p>\u2013 pinne: libere max 60 cm di lunghezza.<\/p>\n<p>Tutto il materiale da utilizzare nel 2024 (escluse pinne) andr\u00e0 dichiarato alla prima regata stagionale, e potr\u00e0 essere sostituito con materiale analogo (per misura, larghezza, superficie, ecc.) solo in caso di rotture conclamate e certificate dal CdR presente, o da membri del Consiglio AICW presenti.<\/p>\n<p>Chiaramente la sostituzione non sar\u00e0 mai reversibile, ma in caso di ulteriore rottura verificata, l\u2019attrezzatura sar\u00e0 di nuovo sostituibile con gli stessi criteri.<\/p>\n<ul>\n<li><strong>Lo sai che c\u2019\u00e8 un argomento che mi sta sempre a cuore, si riuscir\u00e0, per il 2024, a riavere un campionato wave?<\/strong><\/li>\n<\/ul>\n<p>Credo di si, la tappa di Oristano, ovvero Funtana Meiga con Matteo Spanu organizzatore, che \u00e8 sempre prevista prima dell\u2019estate, in realt\u00e0 sono due anni (\u201922 e \u201923) che non si tiene perch\u00e9 Eolo e Nettuno non ci regalano le tanto agognate condizioni, mentre Banzai, invece, prevista in autunno, \u00e8 logisticamente un delirio soprattutto per le concessioni varie (Parco, Comune Ente, ce ne sono troppi e troppo costosi) e poi per le sovrapposizioni dei vari Campionati Italiani di Surf, Sup, Long ecc.; non ci dimentichiamo che questo \u00e8 uno degli spot pi\u00f9 famosi per i nostri cugini, nonch\u00e9 casa loro e quindi ci sono una serie di paletti e \u201cprecedenze\u201d da rispettare educatamente.<\/p>\n<p>Diciamo che l\u2019esperienza negativa accumulata nel tentare di organizzare la gara soprattutto quest\u2019anno, che poi le condizioni le ha fatte e, purtroppo per noi, pure belle, mi porta a essere fiducioso per l\u2019anno prossimo.<\/p>\n<p>Detto tutto ci\u00f2, ed esaurite le novit\u00e0 2024, a\u00a0 questo punto, colgo l\u2019occasione per augurare a tutti un sereno Natale, un ventoso 2024, e un arrivederci sui nostri campi di regata\u2026 in definitiva mancano solo quattro mesi alla 1^ Tappa degli Italiani Slalom\u2026 allenatevi!.<\/p>\n<div id='gallery-1' class='czr-gallery row flex-row czr-gallery-style gallery galleryid-16576 gallery-columns-2 gallery-size-medium'><figure class='gallery-item col col-auto'>\r\n                        <div class='gallery-icon landscape czr-gallery-icon'>\r\n                              <a href=https:\/\/www.aicw.it\/index.php\/2023\/12\/05\/aicw-anticipazioni-2024-intervista-al-presidente-cristiano-siringo\/photo-2023-12-04-12-17-27\/ class=\"bg-link\"><\/a><img loading=\"lazy\" decoding=\"async\" width=\"300\" height=\"200\" src=\"https:\/\/www.aicw.it\/wp-content\/uploads\/2023\/12\/PHOTO-2023-12-04-12-17-27-300x200.jpg\" class=\"attachment-medium size-medium\" alt=\"\" sizes=\"auto, (min-width: 1200px) 540px, (min-width: 992px) 450px, (min-width: 768px) 330px, (min-width: 576px) 240px, calc( 50vw - 30px )\" srcset=\"https:\/\/www.aicw.it\/wp-content\/uploads\/2023\/12\/PHOTO-2023-12-04-12-17-27-300x200.jpg 300w, https:\/\/www.aicw.it\/wp-content\/uploads\/2023\/12\/PHOTO-2023-12-04-12-17-27.jpg 721w\" \/><div class=\"post-action btn btn-skin-dark-shaded inverted\"><a href=\"https:\/\/www.aicw.it\/wp-content\/uploads\/2023\/12\/PHOTO-2023-12-04-12-17-27.jpg\" class=\"icn-expand\" data-lb-type=\"grouped-gallery\"><\/a><\/div>\r\n                        <\/div><\/figure><figure class='gallery-item col col-auto'>\r\n                        <div class='gallery-icon portrait czr-gallery-icon'>\r\n                              <a href=https:\/\/www.aicw.it\/index.php\/2023\/12\/05\/aicw-anticipazioni-2024-intervista-al-presidente-cristiano-siringo\/photo-2023-12-04-12-23-49\/ class=\"bg-link\"><\/a><img loading=\"lazy\" decoding=\"async\" width=\"215\" height=\"300\" src=\"https:\/\/www.aicw.it\/wp-content\/uploads\/2023\/12\/PHOTO-2023-12-04-12-23-49-e1701793475104-215x300.jpg\" class=\"attachment-medium size-medium\" alt=\"\" sizes=\"auto, (min-width: 1200px) 540px, (min-width: 992px) 450px, (min-width: 768px) 330px, (min-width: 576px) 240px, calc( 50vw - 30px )\" srcset=\"https:\/\/www.aicw.it\/wp-content\/uploads\/2023\/12\/PHOTO-2023-12-04-12-23-49-e1701793475104-215x300.jpg 215w, https:\/\/www.aicw.it\/wp-content\/uploads\/2023\/12\/PHOTO-2023-12-04-12-23-49-e1701793475104-735x1024.jpg 735w, https:\/\/www.aicw.it\/wp-content\/uploads\/2023\/12\/PHOTO-2023-12-04-12-23-49-e1701793475104-768x1070.jpg 768w, https:\/\/www.aicw.it\/wp-content\/uploads\/2023\/12\/PHOTO-2023-12-04-12-23-49-e1701793475104.jpg 955w\" \/><div class=\"post-action btn btn-skin-dark-shaded inverted\"><a href=\"https:\/\/www.aicw.it\/wp-content\/uploads\/2023\/12\/PHOTO-2023-12-04-12-23-49-e1701793475104.jpg\" class=\"icn-expand\" data-lb-type=\"grouped-gallery\"><\/a><\/div>\r\n                        <\/div><\/figure><figure class='gallery-item col col-auto'>\r\n                        <div class='gallery-icon landscape czr-gallery-icon'>\r\n                              <a href=https:\/\/www.aicw.it\/index.php\/2023\/12\/05\/aicw-anticipazioni-2024-intervista-al-presidente-cristiano-siringo\/photo-2023-12-04-12-20-31\/ class=\"bg-link\"><\/a><img loading=\"lazy\" decoding=\"async\" width=\"300\" height=\"200\" src=\"https:\/\/www.aicw.it\/wp-content\/uploads\/2023\/12\/PHOTO-2023-12-04-12-20-31-300x200.jpg\" class=\"attachment-medium size-medium\" alt=\"\" sizes=\"auto, (min-width: 1200px) 540px, (min-width: 992px) 450px, (min-width: 768px) 330px, (min-width: 576px) 240px, calc( 50vw - 30px )\" srcset=\"https:\/\/www.aicw.it\/wp-content\/uploads\/2023\/12\/PHOTO-2023-12-04-12-20-31-300x200.jpg 300w, https:\/\/www.aicw.it\/wp-content\/uploads\/2023\/12\/PHOTO-2023-12-04-12-20-31-1024x683.jpg 1024w, https:\/\/www.aicw.it\/wp-content\/uploads\/2023\/12\/PHOTO-2023-12-04-12-20-31-768x512.jpg 768w, https:\/\/www.aicw.it\/wp-content\/uploads\/2023\/12\/PHOTO-2023-12-04-12-20-31.jpg 1080w\" \/><div class=\"post-action btn btn-skin-dark-shaded inverted\"><a href=\"https:\/\/www.aicw.it\/wp-content\/uploads\/2023\/12\/PHOTO-2023-12-04-12-20-31.jpg\" class=\"icn-expand\" data-lb-type=\"grouped-gallery\"><\/a><\/div>\r\n                        <\/div><\/figure><figure class='gallery-item col col-auto'>\r\n                        <div class='gallery-icon landscape czr-gallery-icon'>\r\n                              <a href=https:\/\/www.aicw.it\/index.php\/2023\/12\/05\/aicw-anticipazioni-2024-intervista-al-presidente-cristiano-siringo\/photo-2023-12-04-12-19-51\/ class=\"bg-link\"><\/a><img loading=\"lazy\" decoding=\"async\" width=\"300\" height=\"200\" src=\"https:\/\/www.aicw.it\/wp-content\/uploads\/2023\/12\/PHOTO-2023-12-04-12-19-51-300x200.jpg\" class=\"attachment-medium size-medium\" alt=\"\" sizes=\"auto, (min-width: 1200px) 540px, (min-width: 992px) 450px, (min-width: 768px) 330px, (min-width: 576px) 240px, calc( 50vw - 30px )\" srcset=\"https:\/\/www.aicw.it\/wp-content\/uploads\/2023\/12\/PHOTO-2023-12-04-12-19-51-300x200.jpg 300w, https:\/\/www.aicw.it\/wp-content\/uploads\/2023\/12\/PHOTO-2023-12-04-12-19-51.jpg 720w\" \/><div class=\"post-action btn btn-skin-dark-shaded inverted\"><a href=\"https:\/\/www.aicw.it\/wp-content\/uploads\/2023\/12\/PHOTO-2023-12-04-12-19-51.jpg\" class=\"icn-expand\" data-lb-type=\"grouped-gallery\"><\/a><\/div>\r\n                        <\/div><\/figure><figure class='gallery-item col col-auto'>\r\n                        <div class='gallery-icon landscape czr-gallery-icon'>\r\n                              <a href=https:\/\/www.aicw.it\/index.php\/2023\/12\/05\/aicw-anticipazioni-2024-intervista-al-presidente-cristiano-siringo\/photo-2023-12-04-12-19-05\/ class=\"bg-link\"><\/a><img loading=\"lazy\" decoding=\"async\" width=\"300\" height=\"225\" src=\"https:\/\/www.aicw.it\/wp-content\/uploads\/2023\/12\/PHOTO-2023-12-04-12-19-05-300x225.jpg\" class=\"attachment-medium size-medium\" alt=\"\" sizes=\"auto, (min-width: 1200px) 540px, (min-width: 992px) 450px, (min-width: 768px) 330px, (min-width: 576px) 240px, calc( 50vw - 30px )\" srcset=\"https:\/\/www.aicw.it\/wp-content\/uploads\/2023\/12\/PHOTO-2023-12-04-12-19-05-300x225.jpg 300w, https:\/\/www.aicw.it\/wp-content\/uploads\/2023\/12\/PHOTO-2023-12-04-12-19-05-768x576.jpg 768w, https:\/\/www.aicw.it\/wp-content\/uploads\/2023\/12\/PHOTO-2023-12-04-12-19-05.jpg 1024w\" \/><div class=\"post-action btn btn-skin-dark-shaded inverted\"><a href=\"https:\/\/www.aicw.it\/wp-content\/uploads\/2023\/12\/PHOTO-2023-12-04-12-19-05.jpg\" class=\"icn-expand\" data-lb-type=\"grouped-gallery\"><\/a><\/div>\r\n                        <\/div><\/figure><figure class='gallery-item col col-auto'>\r\n                        <div class='gallery-icon landscape czr-gallery-icon'>\r\n                              <a href=https:\/\/www.aicw.it\/index.php\/2023\/12\/05\/aicw-anticipazioni-2024-intervista-al-presidente-cristiano-siringo\/photo-2023-12-04-12-20-11\/ class=\"bg-link\"><\/a><img loading=\"lazy\" decoding=\"async\" width=\"300\" height=\"167\" src=\"https:\/\/www.aicw.it\/wp-content\/uploads\/2023\/12\/PHOTO-2023-12-04-12-20-11-e1701793274730-300x167.jpg\" class=\"attachment-medium size-medium\" alt=\"\" sizes=\"auto, (min-width: 1200px) 540px, (min-width: 992px) 450px, (min-width: 768px) 330px, (min-width: 576px) 240px, calc( 50vw - 30px )\" srcset=\"https:\/\/www.aicw.it\/wp-content\/uploads\/2023\/12\/PHOTO-2023-12-04-12-20-11-e1701793274730-300x167.jpg 300w, https:\/\/www.aicw.it\/wp-content\/uploads\/2023\/12\/PHOTO-2023-12-04-12-20-11-e1701793274730-1024x571.jpg 1024w, https:\/\/www.aicw.it\/wp-content\/uploads\/2023\/12\/PHOTO-2023-12-04-12-20-11-e1701793274730-768x428.jpg 768w, https:\/\/www.aicw.it\/wp-content\/uploads\/2023\/12\/PHOTO-2023-12-04-12-20-11-e1701793274730.jpg 1080w\" \/><div class=\"post-action btn btn-skin-dark-shaded inverted\"><a href=\"https:\/\/www.aicw.it\/wp-content\/uploads\/2023\/12\/PHOTO-2023-12-04-12-20-11-e1701793274730.jpg\" class=\"icn-expand\" data-lb-type=\"grouped-gallery\"><\/a><\/div>\r\n                        <\/div><\/figure>\r\n                  <\/div>\n\n","protected":false},"excerpt":{"rendered":"<p>intervista Roberta Pala foto courtesy Nora Alessandroni, Elena Giolai, Moan Photos, Cristiano Siringo &nbsp; Dopo l\u2019uscita dei Calendari 2024, abbiamo raggiunto Cristiano Siringo, Presidente AICW, per un bilancio della stagione appena conclusasi, e per le anticipazioni 2024. Ciao Cristiano, si \u00e8 appena concluso l\u2019anno agonistico 2023, un bilancio della stagione appena terminata? Ciao Roberta, il [&hellip;]<\/p>\n","protected":false},"author":2,"featured_media":16580,"comment_status":"closed","ping_status":"closed","sticky":false,"template":"","format":"standard","meta":{"footnotes":""},"categories":[5,4],"tags":[],"class_list":{"0":"post-16576","1":"post","2":"type-post","3":"status-publish","4":"format-standard","5":"has-post-thumbnail","7":"category-latest-news","8":"category-news","9":"czr-hentry"},"_links":{"self":[{"href":"https:\/\/www.aicw.it\/index.php\/wp-json\/wp\/v2\/posts\/16576","targetHints":{"allow":["GET"]}}],"collection":[{"href":"https:\/\/www.aicw.it\/index.php\/wp-json\/wp\/v2\/posts"}],"about":[{"href":"https:\/\/www.aicw.it\/index.php\/wp-json\/wp\/v2\/types\/post"}],"author":[{"embeddable":true,"href":"https:\/\/www.aicw.it\/index.php\/wp-json\/wp\/v2\/users\/2"}],"replies":[{"embeddable":true,"href":"https:\/\/www.aicw.it\/index.php\/wp-json\/wp\/v2\/comments?post=16576"}],"version-history":[{"count":3,"href":"https:\/\/www.aicw.it\/index.php\/wp-json\/wp\/v2\/posts\/16576\/revisions"}],"predecessor-version":[{"id":16587,"href":"https:\/\/www.aicw.it\/index.php\/wp-json\/wp\/v2\/posts\/16576\/revisions\/16587"}],"wp:featuredmedia":[{"embeddable":true,"href":"https:\/\/www.aicw.it\/index.php\/wp-json\/wp\/v2\/media\/16580"}],"wp:attachment":[{"href":"https:\/\/www.aicw.it\/index.php\/wp-json\/wp\/v2\/media?parent=16576"}],"wp:term":[{"taxonomy":"category","embeddable":true,"href":"https:\/\/www.aicw.it\/index.php\/wp-json\/wp\/v2\/categories?post=16576"},{"taxonomy":"post_tag","embeddable":true,"href":"https:\/\/www.aicw.it\/index.php\/wp-json\/wp\/v2\/tags?post=16576"}],"curies":[{"name":"wp","href":"https:\/\/api.w.org\/{rel}","templated":true}]}}