{"id":16440,"date":"2023-10-30T10:39:59","date_gmt":"2023-10-30T09:39:59","guid":{"rendered":"http:\/\/www.aicw.it\/?p=16440"},"modified":"2023-10-31T17:00:41","modified_gmt":"2023-10-31T16:00:41","slug":"alla-finalissima-dellelba-assegnati-i-titoli-fiv-aicw-2023-slalom-assoluto-e-giovanile-fin-foil-2023-fiv-aicw","status":"publish","type":"post","link":"https:\/\/www.aicw.it\/index.php\/2023\/10\/30\/alla-finalissima-dellelba-assegnati-i-titoli-fiv-aicw-2023-slalom-assoluto-e-giovanile-fin-foil-2023-fiv-aicw\/","title":{"rendered":"Alla finalissima dell\u2019Elba assegnati i titoli FIV\/AICW 2023 Slalom, Assoluto e Giovanile Fin &#038; Foil 2023 FIV\/AICW"},"content":{"rendered":"<p><em>Testo di Federico Calcaterra, Elena De Fazi, Martina Focante, Christopher Frank, Ginevra Giunti, Matteo Landi, Michele Laurenza, Giulio Milianelli, Roberta Pala, Gabriele Rosa, Arturo Schinin\u00e0, Cristiano Siringo, Aurora Vannucci, Diana Vicari<\/em><br \/>\n<em>Foto Courtesy Francesca Freddi, Elena Giolai,Tommaso Landi, Stefano Muti, Emilio Santinelli<\/em><\/p>\n<p><img loading=\"lazy\" decoding=\"async\" class=\"wp-image-16444 aligncenter\" src=\"http:\/\/www.aicw.it\/wp-content\/uploads\/2023\/10\/apertura.jpg\" alt=\"\" width=\"710\" height=\"473\" srcset=\"https:\/\/www.aicw.it\/wp-content\/uploads\/2023\/10\/apertura.jpg 443w, https:\/\/www.aicw.it\/wp-content\/uploads\/2023\/10\/apertura-300x200.jpg 300w\" sizes=\"auto, (max-width: 710px) 100vw, 710px\" \/><\/p>\n<p>Si \u00e8 conclusa la stagione 2023 FIV\/AICW per la specialit\u00e0 Slalom, all\u2019Elba sono stati assegnati tutti i titoli, Assoluti e Giovanili, delle due discipline Fin e Foil, grande l&#8217;entusiasmo, soprattutto dei giovanissimi, dopo anni, si \u00e8 tornati a un campionato a tappe, cinque per questa stagione, ma gi\u00e0 qualcosa si sta muovendo per il 2024, tra conferme e nuove candidature&#8230;<\/p>\n<p>La tappa finale dell\u2019Elba \u00e8 stata tra quelle pi\u00f9 apprezzate, grazie alle condizioni che sono state perfette, il puntuale posizionamento dei campi di gara, e l\u2019accoglienza speciale di Malte Reuscher, al Lido di Capoliveri, con la partecipazione del Circolo Velico Naregno.<\/p>\n<p><img loading=\"lazy\" decoding=\"async\" class=\"wp-image-16471 aligncenter\" src=\"http:\/\/www.aicw.it\/wp-content\/uploads\/2023\/10\/malte.jpg\" alt=\"\" width=\"566\" height=\"377\" srcset=\"https:\/\/www.aicw.it\/wp-content\/uploads\/2023\/10\/malte.jpg 1180w, https:\/\/www.aicw.it\/wp-content\/uploads\/2023\/10\/malte-300x200.jpg 300w, https:\/\/www.aicw.it\/wp-content\/uploads\/2023\/10\/malte-1024x683.jpg 1024w, https:\/\/www.aicw.it\/wp-content\/uploads\/2023\/10\/malte-768x512.jpg 768w\" sizes=\"auto, (max-width: 566px) 100vw, 566px\" \/><\/p>\n<p>Oltre cinquanta i partecipanti, con i giovani e i giovanissimi che hanno dimostrato gi\u00e0 una bella maturit\u00e0 in regata, grazie anche ai duri allenamenti invernali e ai sacrifici che comporta il dedicarsi in modo agonistico a questo sport. Tutti hanno dimostrato di avere ben chiari gli obiettivi per la prossima stagione, molti di loro erano alla prima esperienza in questo circuito, e hanno subito fatto capire quanto grande sia la loro passione, e quella dei loro familiari che li supportano, grande successo, tra i pi\u00f9 giovani, della disciplina Foil, ma senza dimenticare, per molti, le loro origini Fin.<\/p>\n<p>Dopo le tappe di Torbole, Messina, Talamone e Calambrone, \u00e8 stata l\u2019Elba dei primi di Ottobre, ad accogliere i partecipanti al campionato, grande affluenza anche in spiaggia, complici delle giornate indiscutibilmente piacevoli, con temperature ancora estive, e un week end con condizioni di termico perfette per lo svolgersi delle regate.<\/p>\n<p>Quasi tutte le classifiche vedevano le prime posizioni in una manciata di punti, \u00e8 stata una finalissima davvero combattuta, nessuna certezza sull\u2019assegnazione dei titoli prima delle regate, un posizionamento perfetto dei campi di gara, a detta dei partecipanti, e condizioni meteo marine ottimali, hanno contribuito a rendere indimenticabili le regate.<\/p>\n<p>Dopo una prima giornata entusiasmante, con regate di pinna e foil, il vento, nel week end, \u00e8 stato ottimale per il disputarsi delle sole prove foil ad eccezione di una prova pinna U15-17 la domenica mattina.<\/p>\n<p>La pinna ha portato a casa i grandi risultati solo nella prima giornata, quando il vento pi\u00f9 sostenuto, con punte di 20 nodi, ha fatto s\u00ec che si potessero disputare le regate finali per l\u2019assegnazione dei titoli. Giulio Milianelli e Aurora Vannucci, sono i vincitori del titolo di Campione Italiano Assoluto Slalom Fin FIV\/AICW 2023.<\/p>\n<p>Con un campionato Fin, combattuto fino all\u2019ultima regata, il Senior Giulio Milianelli si \u00e8, alla fine, imposto sul Master Massimiliano Brunetti e sull\u2019altro Senior, Alessandro Ristori.<br \/>\nUna menzione particolare va alle categorie Grandmaster e Veterani, con Stefano Valenti, primo tra i Grandmaster, e Alessandro Giovini, primo della categoria Veterani.<\/p>\n<p><img loading=\"lazy\" decoding=\"async\" class=\" wp-image-16463 aligncenter\" src=\"http:\/\/www.aicw.it\/wp-content\/uploads\/2023\/10\/vincitori.jpg\" alt=\"\" width=\"698\" height=\"465\" srcset=\"https:\/\/www.aicw.it\/wp-content\/uploads\/2023\/10\/vincitori.jpg 1124w, https:\/\/www.aicw.it\/wp-content\/uploads\/2023\/10\/vincitori-300x200.jpg 300w, https:\/\/www.aicw.it\/wp-content\/uploads\/2023\/10\/vincitori-1024x682.jpg 1024w, https:\/\/www.aicw.it\/wp-content\/uploads\/2023\/10\/vincitori-768x512.jpg 768w\" sizes=\"auto, (max-width: 698px) 100vw, 698px\" \/><br \/>\nNel Foil, il titolo di Campione Italiano Assoluto Slalom \u00e8 andato al Senior Christopher Frank, sul secondo gradino del podio si \u00e8 piazzato il giovane U20 Michele Laurenza, seguito dall\u2019altro Senior Alessandro Ristori in terza posizione. Nella categoria Master si \u00e8 distinto Davide Gianni, nei Grandmaster Orlando Bertugelli, e nei Veterani Alessandro Giovini si conferma primo di categoria anche in foil.<\/p>\n<hr \/>\n<p><strong><img loading=\"lazy\" decoding=\"async\" class=\"alignnone wp-image-16442\" src=\"http:\/\/www.aicw.it\/wp-content\/uploads\/2023\/10\/giulio-milianelli.jpg\" alt=\"\" width=\"365\" height=\"243\" srcset=\"https:\/\/www.aicw.it\/wp-content\/uploads\/2023\/10\/giulio-milianelli.jpg 1020w, https:\/\/www.aicw.it\/wp-content\/uploads\/2023\/10\/giulio-milianelli-300x200.jpg 300w, https:\/\/www.aicw.it\/wp-content\/uploads\/2023\/10\/giulio-milianelli-768x512.jpg 768w\" sizes=\"auto, (max-width: 365px) 100vw, 365px\" \/><\/strong><strong><img loading=\"lazy\" decoding=\"async\" class=\"alignnone wp-image-16441\" src=\"http:\/\/www.aicw.it\/wp-content\/uploads\/2023\/10\/giulio-milianelli-pinna.jpg\" alt=\"\" width=\"430\" height=\"244\" srcset=\"https:\/\/www.aicw.it\/wp-content\/uploads\/2023\/10\/giulio-milianelli-pinna.jpg 1185w, https:\/\/www.aicw.it\/wp-content\/uploads\/2023\/10\/giulio-milianelli-pinna-300x170.jpg 300w, https:\/\/www.aicw.it\/wp-content\/uploads\/2023\/10\/giulio-milianelli-pinna-1024x582.jpg 1024w, https:\/\/www.aicw.it\/wp-content\/uploads\/2023\/10\/giulio-milianelli-pinna-768x436.jpg 768w\" sizes=\"auto, (max-width: 430px) 100vw, 430px\" \/><\/strong><\/p>\n<p><strong>Giulio Milianelli, ITA206 <\/strong><br \/>\n<strong>Campione Italiano Assoluto Pinna FIV\/AICW 2023<\/strong><br \/>\nData di nascita: 29\/07\/2001<br \/>\nClub di appartenenza: Windsurf Livorno SSD<\/p>\n<p>\u2022Ciao Giulio, complimenti per il titolo Assoluto Pinna 2023, \u00e8 stato un campionato intenso, tutti sempre vicinissimi di punteggio\u2026 Le tappe, non sempre hanno avuto le condizioni ottimali per le gare fin, quale pensi sia stata la pi\u00f9 bella, per organizzazione e condizione? O quella in cui tu ti sei sentito al top della prestazione?<\/p>\n<p><em>Ciao! \u00e8 stato veramente un bel campionato, fino all\u2019ultima tappa sono riuscito a divertirmi in gara! Purtroppo le condizioni, per la pinna, sono rare da trovare in Italia, e spesso dobbiamo accontentarci. Direi che la condizione pi\u00f9 bella sia stata a Torbole per il Trofeo Neirotti, il vento era perfetto e l\u2019organizzazione, come sempre, impeccabile.<\/em><\/p>\n<p>\u2022Cosa pensi del foil? Credi che le tappe attualmente in calendario, nelle loro condizioni tipiche, siano adatte al disputarsi di entrambe le specialit\u00e0 o pensi che qualche altro spot e circolo potrebbe avere le condizioni ideali per le due?<\/p>\n<p><em>Il foil \u00e8 stata sicuramente una rivoluzione negli ultimi anni. Nel 2019 partecipai al primissimo campionato italiano a Cagliari, all\u2019inizio ero un po\u2019 titubante per questa nuova disciplina, che con il tempo ho imparato ad apprezzare sempre di pi\u00f9. Ecco, forse uno spot come Cagliari o la Sardegna in generale potrebbe avere le condizioni adatte per ospitare un<\/em><em>a tappa del tour!<\/em><\/p>\n<p>\u2022Nell\u2019Assoluto ci saranno sicuramente pi\u00f9 rivalit\u00e0 e agonismo, chi \u00e8 stato l\u2019atleta pi\u00f9 difficile da battere e perch\u00e9? Cosa pensi delle nuove leve U20?<\/p>\n<p><em>Ci sono tanti ragazzi bravissimi nell\u2019assoluto e quest\u2019anno siamo sempre stati tutti vicini come prestazioni e punteggi. Posso fare i nomi di Christopher, Max, Ale e Lupo, \u00e8 sempre stimolante condividere il campo di regata con atleti forti! Negli U20 il livello \u00e8 alto, mi piacerebbe poter regatare tutti insieme. Sono abituato ad allenarmi tutto l\u2019anno con mio fratello Pietro, ed \u00e8 un peccato non poter essere avversari in gara, oltre che in allenamento!<\/em><\/p>\n<p>\u2022Come trascorri il tuo autunno e inverno, dal punto di vista allenamenti per la prossima stagione? Senti di doverti concentrare su qualche aspetto particolare del tuo allenamento?<\/p>\n<p><em>Durante la stagione invernale, a Livorno, abbiamo creato un bel gruppo di allenamento di ragazzi e ragazze, tutti appassionati di questo sport. Gli allenamenti sono per lo pi\u00f9 a chiamata, quando la condizione \u00e8 buona<\/em><\/p>\n<p>\u2022Obiettivi per la prossima stagione?<\/p>\n<p><em>Per la prossima stagione il mio obiettivo \u00e8 il foil. Quest\u2019anno non \u00e8 andato malissimo, ho concluso il campionato 4\u00b0 assoluto, ma penso di poter fare di pi\u00f9! Voglio provare, testare, e allenarmi nel modo migliore possibile!<\/em><\/p>\n<hr \/>\n<p><img loading=\"lazy\" decoding=\"async\" class=\"alignnone wp-image-16443\" src=\"http:\/\/www.aicw.it\/wp-content\/uploads\/2023\/10\/aurora-vannucci.jpg\" alt=\"\" width=\"435\" height=\"290\" srcset=\"https:\/\/www.aicw.it\/wp-content\/uploads\/2023\/10\/aurora-vannucci.jpg 1373w, https:\/\/www.aicw.it\/wp-content\/uploads\/2023\/10\/aurora-vannucci-300x200.jpg 300w, https:\/\/www.aicw.it\/wp-content\/uploads\/2023\/10\/aurora-vannucci-1024x683.jpg 1024w, https:\/\/www.aicw.it\/wp-content\/uploads\/2023\/10\/aurora-vannucci-768x512.jpg 768w, https:\/\/www.aicw.it\/wp-content\/uploads\/2023\/10\/aurora-vannucci-1320x881.jpg 1320w\" sizes=\"auto, (max-width: 435px) 100vw, 435px\" \/><\/p>\n<p><strong>Aurora Vannucci, ITA 253<\/strong><br \/>\n<strong>Campionessa Italiana Assoluto Pinna FIV\/AICW 2023<\/strong><br \/>\nData di nascita 25\/03\/2001<br \/>\nClub di appartenenza. Circolo Vela Sunset<\/p>\n<p>\u2022 Ciao Aurora, un bilancio di questo campionato assoluto slalom pinna 2023 FIV\/AICW? Quali sono state, secondo te, le tappe che hanno messo pi\u00f9 in risalto le tue potenzialit\u00e0?<\/p>\n<p><em>Premettendo che ho partecipato alle ultime tre tappe, le condizioni, per gente come me che faceva solo pinna, sono state un po&#8217; misere, ma ho sfruttato il vento leggero a mio favore!<\/em><br \/>\n<em>Sicuramente, il primo giorno a Capoliveri, ci ha fatto divertire come si deve.<\/em><\/p>\n<p>\u2022 Sono sempre poche le donne che partecipano al circuito, quale pensi sia il motivo di base di questa poca adesione?<\/p>\n<p><em>Purtroppo quest&#8217;anno ero l&#8217;unica donna assoluto, questo mi ha spronato a spingere con gli uomini, ma ho sentito la mancanza di compagne!<\/em><br \/>\n<em>Forse lo slalom dovrebbe essere pubblicizzato di pi\u00f9 a livello femminile&#8230;<\/em><\/p>\n<p>\u2022 Condizioni, in alcune tappe, al limite per la pinna, ci sono spot che, secondo te, meriterebbero di entrare nel circuito, in vista delle condizioni e della capacit\u00e0 organizzativa, per disputare egregiamente entrambe le specialit\u00e0?<\/p>\n<p><em>A mio parere le tappe di quest&#8217;anno sono state locate in ottimi posti, anche se il vento spesso ci ha abbandonato&#8230; potremmo pensare ad ampliare gli orizzonti alla Sardegna, un domani.<\/em><\/p>\n<p>\u2022 Pinna vs Foil, qual \u00e8 la tua visione dell\u2019evoluzione che ha subito il windsurf negli ultimi anni, con l\u2019avvento del foil?<\/p>\n<p><em>Il foil, come sappiamo tutti, ha dato una svolta al windsurf, in range di vento, dal minimo al massimo, questo ha un po&#8217; affossato la pinna, per quanto rimanga, a mio parere, ineguagliabile come sensazione, spero tanto che si trovi una modalit\u00e0 per continuare con entrambe le discipline!<\/em><\/p>\n<p>\u2022 Obiettivi per la prossima stagione?<\/p>\n<p><em>Sicuramente mi introdurr\u00f2 sul foil, e chiss\u00e0, magari buttarsi in qualche regata Internazionale per migliorare!<\/em><\/p>\n<hr \/>\n<p>&nbsp;<\/p>\n<p><img loading=\"lazy\" decoding=\"async\" class=\"alignnone wp-image-16464\" src=\"http:\/\/www.aicw.it\/wp-content\/uploads\/2023\/10\/christopher-frank.jpg\" alt=\"\" width=\"600\" height=\"327\" \/><\/p>\n<p><strong>Christopher Frank, ITA211<\/strong><br \/>\n<strong>Campione Assoluto Slalom Foil FIV\/AICW 2023<\/strong><\/p>\n<p>Data di nascita: 17\/03\/1987<br \/>\nClub di appartenenza: Planet Sail Bracciano<\/p>\n<p>\u2022 Ciao Christopher, \u00e8 stata una bella annata per te con la conquista del titolo Assoluto Foil\u2026<\/p>\n<p><em>Che traguardo e che soddisfazione! Avevo gi\u00e0 conquistato tre titoli nazionali in altre categoria ma questo \u00e8 forse il pi\u00f9 sentito. Anche la prima vittoria non si scorda mai. Super contento in quanto non \u00e8 semplice essere competitivi con poco allenamento e attrezzature non sempre al top! \u00c8 stato molto emozionante anche perch\u00e9, fino all&#8217;ultimo giorno, con il sistema del doppio punteggio per l&#8217;ultima tappa, non c&#8217;era certezza della prima posizione. Peccato che proprio questa regola adottata mi abbia fatto perdere anche il titolo nazionale nella categoria Pinna. Sono entrato primo in classifica alla tappa e con pi\u00f9 margine dagli avversari che in foil, ma la prima giornata ho dovuto saltare le regate in quanto un&#8217;allieva \u00e8 stata male e c&#8217;\u00e8 stato bisogno di un intervento dell&#8217;ambulanza (per fortuna nulla di troppo grave, ndr). Risultato, troppi punti e pure per due, uguale a perdere la prima posizione.<\/em>.<\/p>\n<p>\u2022 Hai combattuto, spesso, testa a testa con uno dei ragazzi che segui, immagino sia un mix di emozioni, quelle dell\u2019atleta che deve difendersi, e quella dell\u2019allenatore orgoglioso\u2026<\/p>\n<p><em>Hai descritto bene con il mix di emozioni! Sono molto orgoglioso di tutti i ragazzi del team, che stanno facendo un percorso di crescita agonistico molto interessante. Con alcuni dei ragazzi, e soprattutto con Michele, gi\u00e0 lottiamo spesso per le prime posizioni, e penso che dall&#8217;anno prossimo saranno sempre di pi\u00f9 i ragazzi competitivi ad alti livelli. In regata non \u00e8 semplice! Gioia e soddisfazione per ogni buon risultato ottenuto da Michele, alternate alla mia forte competitivit\u00e0 e determinazione per i miei risultati. Naturalmente, ci\u00f2 complica la regata a livello di concentrazione, ma non potrei essere pi\u00f9 soddisfatto del progetto con la squadra agonistica windsurf del Planet Sail Bracciano.<\/em><\/p>\n<p>\u2022 Secondo alcuni le tappe forse sono troppe, ma potrebbero esserne aggiunte di ulteriori per la prossima stagione 2024, cosa ne pensi? Sarebbe difficile, per te, conciliare gli impegni internazionali con il circuito nazionale?<\/p>\n<p><em>Penso che gi\u00e0 cinque tappe siano tante, in quanto il calendario di regata, ogni anno, \u00e8 molto fitto e impegnativo. Noi, con la squadra, seguiamo anche altre classi e se dovessero aumentare gli impegni nazionali, ci sarebbe il rischio di dover saltare qualche tappa a favore di qualche gara internazionale. Io, al posto di aumentare, cercherei di toglierne una e aumentare la qualit\u00e0 delle regate con qualche sponsor e qualche premio in pi\u00f9 per tutte le categorie. Un piccolo riconoscimento per tutti gli sforzi fisici, economici (ogni anno pi\u00f9 onerosi, ndr) e di organizzazione per questo fantastico sport.<\/em><\/p>\n<p>\u2022 Quale pensi sia stata la tua miglior regata e perch\u00e9? C\u2019\u00e8 qualche tappa che ti ha sorpreso per organizzazione e condizioni?<\/p>\n<p><em>La mia miglior regata quest&#8217;anno \u00e8 stata senza dubbio la vittoria del Trofeo Neirotti, in quanto ho fatto un&#8217;ottima performance in acqua, anche in pinna, dove mi alleno molto poco, contro tanti e forti avversari nelle famose acque di Torbole! Mentre mi ha sorpreso positivamente, sia per organizzazione e accoglienza a terra, sia per comodit\u00e0 e condizioni per regatare, l&#8217;isola d&#8217;Elba dalla famiglia Colombi e Reuscher.<\/em><\/p>\n<p>\u2022 Obiettivi per la prossima stagione?<\/p>\n<p><em>Vincere entrambe le categorie Slalom e partecipare a qualche evento internazionale. Tutto per\u00f2 dipender\u00e0 molto da come saranno organizzati i calendari e le loro sovrapposizioni, in modo da poter collimare gli impegni nel complesso, ma soddisfacente e performante per il doppio ruolo allenatore e regatante. Quindi non vedo l&#8217;ora di vedere che ci aspetta per il 2024 e nel frattempo prover\u00f2 ad allenarmi il pi\u00f9 possibile!<\/em><\/p>\n<hr \/>\n<p>Per quanto riguarda i giovanili, nella categoria U20, Michele Laurenza ed Elena De Fazi, hanno fatto incetta di titoli, entrambi sono i Campioni Italiani U20 Fin e Foil 2023!<\/p>\n<p>Grandissima la prestazione di Michele Laurenza, due titoli U20 e secondo nell\u2019Assoluto Foil, un bottino davvero ricco per questo ragazzo, classe 2004, con obiettivi importanti nel suo prossimo futuro. Sul secondo gradino del podio Fin si \u00e8 piazzato Pietro Milianelli, e sul terzo Matteo Righetti. Nella classifica Foil, in seconda posizione si trova Gabriele Prosperi e in terza Matteo Righetti.<\/p>\n<p><img loading=\"lazy\" decoding=\"async\" class=\"alignnone wp-image-16447\" src=\"http:\/\/www.aicw.it\/wp-content\/uploads\/2023\/10\/michele-laurenza.jpg\" alt=\"\" width=\"485\" height=\"323\" srcset=\"https:\/\/www.aicw.it\/wp-content\/uploads\/2023\/10\/michele-laurenza.jpg 1640w, https:\/\/www.aicw.it\/wp-content\/uploads\/2023\/10\/michele-laurenza-300x200.jpg 300w, https:\/\/www.aicw.it\/wp-content\/uploads\/2023\/10\/michele-laurenza-1024x682.jpg 1024w, https:\/\/www.aicw.it\/wp-content\/uploads\/2023\/10\/michele-laurenza-768x512.jpg 768w, https:\/\/www.aicw.it\/wp-content\/uploads\/2023\/10\/michele-laurenza-1536x1024.jpg 1536w, https:\/\/www.aicw.it\/wp-content\/uploads\/2023\/10\/michele-laurenza-1320x880.jpg 1320w\" sizes=\"auto, (max-width: 485px) 100vw, 485px\" \/><\/p>\n<p><strong>Michele Laurenza, ITA9114<\/strong><br \/>\n<strong>Campione Italiano U20 Fin e Foil FIV\/AICW 2023<\/strong><br \/>\nData di nascita: 09\/11\/2004<\/p>\n<p>\u2022 Ciao Michele, un bilancio formidabile per questo tuo anno 2023, due titoli nel giovanile U20 e un secondo posto nell\u2019Assoluto Foil, raccontaci questo tuo anno agonistico\u2026<\/p>\n<p><em>Salve a tutti, e grazie mille per i complimenti ricevuti in questi giorni per i risultati che sono riuscito a ottenere.<\/em><\/p>\n<p>\u2022 Pinna e Foil, come affronti gli allenamenti nelle due specialit\u00e0 e come \u00e8 il tuo feeling rispetto alle due?<\/p>\n<p><span style=\"color: #333333;\"><em>Ora che le discipline sono diventate due, \u00e8 diventato un po\u2019 complicato affrontare gli allenamenti in acqua, soprattutto nel Lazio, poich\u00e9 non \u00e8 un posto particolarmente ventoso. Quando mi devo preparare a una gara, cerco di rispettare i limiti di vento che ci danno anche in regata, dai 7 nodi fino ai 15\/20 nodi in foil, poi si sale sulla pinna, ma non \u00e8 sempre facile rispettare questi canoni.<\/em><\/span><br \/>\n<span style=\"color: #333333;\"><em>Ultimamente mi sento molto pi\u00f9 performante sul foil rispetto alla pinna, questo perch\u00e9, appunto, nei miei home spot \u00e8 difficile trovare una condizione favorevole alla pinna, e facendo pi\u00f9 ore in acqua con il foil, mi sento molto pi\u00f9 a mio agio che in pinna, ma il divertimento \u00e8 uguale.<\/em><\/span><\/p>\n<p>\u2022 Nel vostro circolo siete davvero tanti e ti sei sfidato, nell\u2019assoluto Foil, testa a testa, con uno dei coach per la conquista del titolo, credo sia estremamente stimolante per te, come \u00e8 il tuo rapporto con i coach e con gli altri atleti? Quale pensi sia stato il consiglio migliore, ricevuto prima delle regate?<\/p>\n<p><em>In una delle due discipline, mi sono ritrovato a combattere con uno dei miei coach per il titolo di campione italiano foil, questo per me non pu\u00f2 che essere oggetto di stimolo, per me, nel migliorare sempre di pi\u00f9, come spero di esserlo stato io per i miei compagni di squadra che hanno gareggiato contro di me nella categoria U20. Il rapporto con i miei coach e con i miei compagni di squadra \u00e8 straordinario, ma anche pieno di competizione, sana competizione. Quando si \u00e8 in gara, e siamo l\u2019uno contro l\u2019altro, capita di discutere, o comunque di avere qualche contrasto, ma una volta a terra ritorna il grande gruppo di amici che \u00e8 sempre stato e ci si dimentica di tutto.<\/em><\/p>\n<p>\u2022 Tra le tappe di quest\u2019anno, quale \u00e8 stata la pi\u00f9 entusiasmante per te, per condizioni, organizzazione di regata e risultato? Credi che il calendario avrebbe bisogno di qualche altra tappa, che pensi potrebbe essere interessante da inserire per il 2024?<\/p>\n<p><em>Quest\u2019anno il campionato italiano si \u00e8 svolto a tappe, ben cinque, in giro per l\u2019Italia. Se devo parlare a livello di risultati la mia miglior tappa \u00e8 stata Messina, dove sono riuscito a piazzarmi in prima posizione nell\u2019assoluto foil, U20 Foil e U20 pinna. Invece a livello di organizzazione, situazione meteo e altro, la miglior tappa \u00e8 stata la finale all\u2019Isola d\u2019Elba, dove abbiamo trovato vento, sole, e un\u2019ospitalit\u00e0 da fare invidia. Secondo me l\u2019idea di fare il campionato a tappe \u00e8 fantastico, ma forse cinque tappe, per chi segue pi\u00f9 di un campionato, sono tante. Una mia idea sarebbe di ridurlo a tre tappe ma con pi\u00f9 giorni di regata, non tre come sempre ma magari quattro, ovviamente \u00e8 l\u2019opinione di un semplicissimo regatante, che non ha mai gestito una regata o un campionato intero.<\/em><\/p>\n<p>\u2022 Obiettivi per la prossima stagione?<em>I miei obiettivi per la prossima stagione sono rivolti sulle competizioni internazionali, vorrei arrivare nella top 5 nel circuito IFCA e iniziare a seguire la coppa del mondo, il PWA.<\/em><\/p>\n<hr \/>\n<p><img loading=\"lazy\" decoding=\"async\" class=\"alignnone wp-image-16449\" src=\"http:\/\/www.aicw.it\/wp-content\/uploads\/2023\/10\/de-fazi2.jpg\" alt=\"\" width=\"463\" height=\"450\" srcset=\"https:\/\/www.aicw.it\/wp-content\/uploads\/2023\/10\/de-fazi2.jpg 828w, https:\/\/www.aicw.it\/wp-content\/uploads\/2023\/10\/de-fazi2-300x292.jpg 300w, https:\/\/www.aicw.it\/wp-content\/uploads\/2023\/10\/de-fazi2-768x748.jpg 768w\" sizes=\"auto, (max-width: 463px) 100vw, 463px\" \/><\/p>\n<p><strong>Elena De Fazi ITA747<\/strong><br \/>\n<strong>Campionessa Italiana U20 Fin e Foil FIV\/AICW 2023<\/strong><br \/>\nData di nascita: 25\/12\/2004<br \/>\nClub di appartenenza: Planet Sail Bracciano<\/p>\n<p>\u2022 Ciao Elena, complimenti per questa tua stagione agonistica 2023, un bilancio di questo tuo anno agonistico, tappa per tappa?<\/p>\n<p><em>La stagione agonistica 2023 mi ha permesso di prendere parte a quattro delle cinque tappe del campionato italiano fin &amp; foil FIV\/AICW. \u00c8 stato un anno molto intenso in cui sono riuscita a trovare un equilibrio tra lo studio e il windsurf, riuscendo a portare a casa tanti allenamenti.<\/em><br \/>\n<em>Ogni tappa del campionato \u00e8 scolpita nella mia memoria agonistica e ognuna di esse \u00e8 stata fondamentale nel mio percorso di crescita tecnica e tattica.<\/em><\/p>\n<p>\u2022 Pinna e Foil, specialit\u00e0 diverse, come affronti i tuoi allenamenti e qual \u00e8 la tua preferenza al momento? Dove ti senti pi\u00f9 a tuo agio o ti appassiona di pi\u00f9 e perch\u00e9?<\/p>\n<p><em>I miei allenamenti sono per la maggior parte in Foil, grazie alle condizioni del lago di Bracciano. Soprattutto durante l\u2019estate, oltre agli allenamenti con la squadra agonistica, punto molto sulle uscite in singolo, che mi permettono di focalizzare la mia attenzione su obbiettivi ben precisi. La pinna, purtroppo, la uso meno, ma sono pronta a cercare spot, questo inverno, per poterla praticare e migliorare la mia tecnica.<\/em><\/p>\n<p>\u2022 Non siete moltissime a partecipare alle regate, quale pensi sia la difficolt\u00e0 maggiore che ti trovi ad affrontare, gareggiando con i ragazzi? E quale pensi possa essere un vantaggio da trarre?<\/p>\n<p><em>Gareggiare da sola in una flotta maschile \u00e8 sicuramente atipico, un vantaggio che ho riscontrato \u00e8 la possibilit\u00e0 di provare a raggiungere sempre il massimo e di dare il mio massimo, uno svantaggio, secondo me, \u00e8 il fatto di non poter avere una vera e propria competizione con altre ragazze. Spero il prossimo anno si riesca a incentivare le ragazze ad avvicinarsi a questo bellissimo mondo!<\/em><\/p>\n<p>\u2022 Cosa pensi manchi ancora, al mondo windsurf al femminile, per poter far avvicinare pi\u00f9 ragazze a questo sport?<\/p>\n<p><em>Personalmente, ho sempre assistito allo stereotipo del windsurf, come sport quasi esclusivamente maschile, e non adatto alle donne. A parer mio, per attirare un numero considerevole di ragazze nel nostro sport, bisognerebbe abbattere questo stereotipo, dimostrando, invece, il suo fascino e il suo essere adatto a tutti! Un\u2019idea plausibile sarebbe quella di organizzare open day nei circoli velici, mirati alle ragazze, invitando, se ci fosse la possibilit\u00e0, anche windsurfiste famose che dimostrino la compatibilit\u00e0 con questo sport.<\/em><\/p>\n<p>\u2022 Obiettivi per la prossima stagione?<\/p>\n<p><em>Il desiderio di ripetere gli obbiettivi di quest\u2019anno, se non migliorarli, \u00e8 fortissimo, spero con tutta me stessa di poter conciliare al meglio lo studio universitario con lo sport e di riuscire a tornare sul campo di regata pi\u00f9 forte di quest\u2019anno.<\/em><\/p>\n<hr \/>\n<p>Combattutissima anche la categoria U17 Fin, la tappa finale \u00e8 stata la decisiva per l\u2019assegnazione del titolo, Gabriele Rosa \u00e8 il Campione Italiano U17 Fin 2023 FIV\/AICW, seguito da Giovanni Landi e Francesco Maria Calamiello. Diana Vicari, con la sua terza posizione in classifica generale Fin, \u00e8 la Campionessa Italiana U17 Fin 2023 FIV\/AICW.<br \/>\nNel Foil, sono Federico Calcaterra e Martina Focante, i Campioni Italiani U17 Foil FIV\/AICW 2023. Il podio Maschile vede in seconda posizione Leonardo Bertugelli e in terza Giovanni Landi. La categoria U17 Foil femminile, \u00e8 stata quella pi\u00f9 partecipata, in seconda posizione Diana Vicari e in terza Giulia Bonura.<\/p>\n<p><img loading=\"lazy\" decoding=\"async\" class=\"alignnone wp-image-16451\" src=\"http:\/\/www.aicw.it\/wp-content\/uploads\/2023\/10\/diana.jpg\" alt=\"\" width=\"332\" height=\"443\" srcset=\"https:\/\/www.aicw.it\/wp-content\/uploads\/2023\/10\/diana.jpg 1500w, https:\/\/www.aicw.it\/wp-content\/uploads\/2023\/10\/diana-225x300.jpg 225w, https:\/\/www.aicw.it\/wp-content\/uploads\/2023\/10\/diana-768x1024.jpg 768w, https:\/\/www.aicw.it\/wp-content\/uploads\/2023\/10\/diana-1152x1536.jpg 1152w, https:\/\/www.aicw.it\/wp-content\/uploads\/2023\/10\/diana-1320x1760.jpg 1320w\" sizes=\"auto, (max-width: 332px) 100vw, 332px\" \/><\/p>\n<p><strong>Diana Vicari, ITA932<\/strong><br \/>\n<strong>Campionessa Italiana U17 Fin FIV\/AICW 2023<\/strong><br \/>\nData di nascita: 6 maggio 2007<br \/>\nClub di appartenenza: Compagnia del Porto \u201cMarsa \u2018A Rillah\u201d Yacht Club<\/p>\n<p>\u2022 Ciao Diana, ci racconti un po\u2019 questa tua stagione 2023? Quali sono state le tappe pi\u00f9 belle secondo te?<\/p>\n<p><em>La stagione agonistica 2023 \u00e8 stata interessante e sorprendente, rispetto alla precedente ho apprezzato la possibilit\u00e0 di avere lo scarto di una tappa, e la presenza di altre ragazze che regatavano. In questa stagione sono migliorata sotto molti punti di vista, mi sono divertita e, soprattutto nelle ultime tappe, ho deciso di gareggiare sia in pinna sia in foil. A mio parere la tappa migliore \u00e8 stata la finale all\u2019Elba dove, nonostante un giorno con poco vento, siamo riusciti a completare molte prove e soprattutto hanno regatato sia la pinna sia il foil. Questa tappa \u00e8 stata anche quella in cui mi sono divertita di pi\u00f9 e ho potuto dare il meglio.<\/em><\/p>\n<p>\u2022 Pinna vs Foil, dove senti avere il maggior feeling e perch\u00e9?<\/p>\n<p><em>Sento di avere il maggior feeling con la pinna perch\u00e9 \u00e8 la disciplina che ho sempre praticato e con cui ho iniziato a gareggiare, ho per\u00f2 rivalutato anche il foil, perch\u00e9 \u00e8 pi\u00f9 versatile e copre un range di vento maggiore, che nelle regate lo rende predominante rispetto alla pinna.<\/em><\/p>\n<p>\u2022 Quanto \u00e8 importante, per voi ragazze, poter fare squadra per affrontare le tappe? C\u2019\u00e8 qualche difficolt\u00e0 importante nel gareggiare con i ragazzi?<\/p>\n<p><em>In questo campionato, per la prima volta, c\u2019erano altre ragazze con cui mi sono confrontata sia dentro sia fuori dall\u2019acqua e, nonostante fossimo di circoli diversi, siamo riuscite a fare squadra durante le tappe in modo costruttivo, perch\u00e9 ci siamo sostenute a vicenda anche durante le competizioni. Gareggiare con i ragazzi ha i suoi vantaggi e svantaggi perch\u00e9 si hanno prestazioni fisiche e modi di porsi differenti, ma contemporaneamente spinge le ragazze a fare di meglio e dimostrare che il divario non \u00e8 poi cos\u00ec grande.<\/em><\/p>\n<p>\u2022 Il mondo femminile del windsurf, soprattutto agonistico, ha ancora numeri di partecipanti poco importanti, a cosa credi sia dovuto? Nel tuo circolo, hai altre ragazze con cui allenarti oppure sei riuscita a far appassionare qualche tua amica a questo magnifico sport?<\/p>\n<p><em>Il numero poco importante di partecipanti credo sia dovuto a un pregiudizio, secondo il quale una ragazza non possa avere abbastanza forza per reggere questo sport e, inoltre, le ragazze che praticano il windsurf non vengono sufficientemente spronate o sostenute quando decidono di iniziare a regatare. Nel mio circolo mi alleno solo con ragazzi, per\u00f2 in estate ci sono anche ragazze che lo praticano in modo dilettantistico.<\/em><\/p>\n<p>\u2022 Obiettivi per la prossima stagione?<\/p>\n<p><em>Gli obiettivi per la prossima stagione sono quelli di un miglioramento continuo, soprattutto sul foil, su cui mi concentrer\u00f2 maggiormente. Considerando che sto cambiando parte dell\u2019attrezzatura, voglio allenarmi per partecipare anche ad altre regate, migliorer\u00f2 la tecnica e mi impegner\u00f2 al massimo, ma soprattutto continuer\u00f2 a divertirmi praticando questo magnifico sport.<\/em><\/p>\n<hr \/>\n<p><img loading=\"lazy\" decoding=\"async\" class=\"wp-image-16452 aligncenter\" src=\"http:\/\/www.aicw.it\/wp-content\/uploads\/2023\/10\/bertugelli-e-calcaterra.jpg\" alt=\"\" width=\"661\" height=\"268\" srcset=\"https:\/\/www.aicw.it\/wp-content\/uploads\/2023\/10\/bertugelli-e-calcaterra.jpg 844w, https:\/\/www.aicw.it\/wp-content\/uploads\/2023\/10\/bertugelli-e-calcaterra-300x122.jpg 300w, https:\/\/www.aicw.it\/wp-content\/uploads\/2023\/10\/bertugelli-e-calcaterra-768x311.jpg 768w\" sizes=\"auto, (max-width: 661px) 100vw, 661px\" \/><\/p>\n<p><strong>Federico Calcaterra, ITA819<\/strong><br \/>\n<strong>Campione Italiano U17 Foil FIV\/AICW 2023<\/strong><br \/>\nData di nascita: 24\/10\/2007<br \/>\nClub di appartenenza: Circolo velico scirocco Marina di Ragusa<br \/>\nSponsor: Tenuta Bastonaca, DM Barone<\/p>\n<p>\u2022 Ciao Federico, hai sempre portato a casa la prima posizione in tutte le tappe, quale pensi sia stata la tua gara migliore e perch\u00e9?<\/p>\n<p><em>Penso che tra tutte le tappe che ho vinto la migliore sia stata la prima, quella di Torbole. La tappa di Torbole \u00e8 stata la prima del campionato, affiancata al prestigioso Trofeo Neirotti, e mi ha dato la carica per affrontare con la giusta grinta tutto il campionato.<\/em><\/p>\n<p>\u2022 Cosa pensi del fatto che, la prossima stagione, oltre alle tappe confermate, potrebbero esserci altre gare del Campionato? C\u2019\u00e8 qualche spot che, secondo te, potrebbe avere le condizioni ottimali per dare spettacolo in foil e fin?<\/p>\n<p><em>\u00c8 sicuramente un aspetto positivo che ci siano pi\u00f9 tappe perch\u00e9 cos\u00ec il titolo sar\u00e0 assegnato dopo aver disputato pi\u00f9 prove anche se in qualcuna dovesse esserci assenza di vento. Per esperienza personale posso dire che le condizioni meteo a marina di Ragusa, specialmente nel mese di Maggio, sono favorevoli e consentono di divertirci.<\/em><\/p>\n<p>\u2022 Non hai partecipato alle regate Fin, come mai questa scelta?<\/p>\n<p><em>Non ho partecipato a nessuna prova fin, perch\u00e9 ho deciso di concentrarmi sul Foil, una disciplina nuova che consente di andare in acqua con qualsiasi condizione meteo. Il Foil mi ha anche dato la possibilit\u00e0 di partecipare a tutte le tappe solo con una tavola una vela e un foil.<\/em><\/p>\n<p>\u2022 Allenamenti, gare e impegni scolastici, di sicuro ci saranno dietro molti sacrifici, come riesci a conciliare tutto?<\/p>\n<p><em>Riesco con tanti sacrifici a conciliare gli impegni scolastici con gli allenamenti e le gare. Fortunatamente, la scuola che frequento, il liceo scientifico sportivo, mi consente di avere delle agevolazioni sulla programmazione dei compiti e delle verifiche.<\/em><\/p>\n<p>\u2022 Obiettivi per la prossima stagione?<\/p>\n<p><em>La prossima stagione mi vedr\u00e0 impegnato su pi\u00f9 fronti. Oltre al campionato AICW, parteciper\u00f2, come anche la stagione appena trascorsa, al campionato IQ Foil dove ho gi\u00e0 avuto la possibilit\u00e0 di fare esperienza avendo partecipato all\u2019europeo e proprio in questi giorni al mondiale.<\/em><\/p>\n<hr \/>\n<p><img loading=\"lazy\" decoding=\"async\" class=\" wp-image-16454 aligncenter\" src=\"http:\/\/www.aicw.it\/wp-content\/uploads\/2023\/10\/martina-focante-e-gabriele-rosa.jpg\" alt=\"\" width=\"535\" height=\"356\" srcset=\"https:\/\/www.aicw.it\/wp-content\/uploads\/2023\/10\/martina-focante-e-gabriele-rosa.jpg 1091w, https:\/\/www.aicw.it\/wp-content\/uploads\/2023\/10\/martina-focante-e-gabriele-rosa-300x200.jpg 300w, https:\/\/www.aicw.it\/wp-content\/uploads\/2023\/10\/martina-focante-e-gabriele-rosa-1024x682.jpg 1024w, https:\/\/www.aicw.it\/wp-content\/uploads\/2023\/10\/martina-focante-e-gabriele-rosa-768x512.jpg 768w\" sizes=\"auto, (max-width: 535px) 100vw, 535px\" \/><\/p>\n<p><strong>Martina Focante, ITA948<\/strong><br \/>\n<strong>Campionessa Italiana U17 Foil FIV\/AICW 2023<\/strong><br \/>\nData di nascita: 09\/04\/2008<br \/>\nClub di appartenenza: Planet Sail Bracciano<\/p>\n<p>\u2022 Ciao Martina, come hai vissuto questa stagione agonistica 2023? La tua categoria \u00e8 quella pi\u00f9 combattuta tra le ragazze, quale pensi sia stata la tua tappa migliore e perch\u00e9?<\/p>\n<p><em>Questa stagione 2023 l\u2019ho vissuta nel migliore dei modi sia in acqua sia a terra. L\u2019ambiente, ma soprattutto la gente che si pu\u00f2 trovare, sono i migliori in assoluto, mi hanno insegnato molto facendomi crescere non solo tecnicamente, in acqua, ma anche mentalmente, facendomi scoprire tante diverse sfaccettature di questo sport e come gestire bene il mio tempo, riuscire ad organizzarsi nel migliore dei modi e continuare a rimanere concentrata durante le regate malgrado la stanchezza, dato che a volte l\u2019attesa del vento \u00e8 molto lunga e perci\u00f2 anche molto stancante, un po\u2019 per l&#8217;adrenalina, un po\u2019 per lo stress di andare in acqua e dare il 100%. A parte qualche regata, sono state divertenti e a volte ben organizzate, ma anche dure data la sana competizione che si pu\u00f2 trovare, ma comunque sempre utile per farti crescere. Per quanto riguarda la mia categoria, pi\u00f9 che con le ragazze, ho dovuto combattere molto per un buon risultato nella classifica generale. La mia tappa migliore \u00e8 stata sicuramente Torbole, perch\u00e9 ho trovato le mie condizioni preferite ossia vento forte, anche se non costante, e acqua abbastanza piatta, ma quella che ho preferito di pi\u00f9 \u00e8 stata Talamone visto che l\u00ec la mia concentrazione era altissima dato che era tutto un gioco di strategia per fare una buona partenza, il vento era perfetto, con un po\u2019 di mare mosso e le strambate, rispetto alle altre regate, erano migliorate e mi sentivo molto a mio agio nel bordo.<\/em><\/p>\n<p>\u2022 Come affronti i tuoi allenamenti, anche in virt\u00f9 del fatto che, sicuramente, devi conciliare impegni scolastici e sport agonistico, qual \u00e8 la difficolt\u00e0 maggiore che incontri?<\/p>\n<p><em>Durante l\u2019inverno, conciliare la scuola con gli allenamenti a volte \u00e8 molto dura, ma per fortuna riesco ad organizzare molto bene un programma per far coincidere tutto, perci\u00f2 alla fine non \u00e8 tanto quello il problema. Il problema \u00e8 abituarsi nuovamente a delle condizioni che durante l\u2019estate non si trovano, come riuscire a sopportare delle condizioni di mare mosso con vento sostenuto, o comunque altre condizioni varie, ma specialmente riuscire a resistere il pi\u00f9 lungo possibile al freddo.<\/em><\/p>\n<p>\u2022 Perch\u00e9 il foil? Cosa pensi abbia in pi\u00f9 rispetto alla pinna? E in meno?<\/p>\n<p><em>All\u2019inizio io non ero intenzionata a fare foil, in realt\u00e0, sono stati i miei coach ad indirizzarmi verso questa strada, fortunatamente. Dopo un paio di uscite ho iniziato ad apprezzarlo, perch\u00e9 la cosa che pi\u00f9 mi piace del foil \u00e8 la sensazione di poter volare sopra l\u2019acqua e raggiungere velocit\u00e0 elevate e il continuo potersi migliorare. Purtroppo questo confronto tra pinna e foil non lo posso fare poich\u00e9 non ho mai provato la pinna, ma sono sicura che lo far\u00f2 presto sperando di poterla praticare anche il prossimo anno, durante il campionato.<\/em><\/p>\n<p>\u2022 Cosa pensi manchi ancora al mondo del windsurf al femminile, per far avvicinare pi\u00f9 ragazze a questo sport? Hai amiche con le quali condividere questa passione, al di fuori del mondo agonistico?<\/p>\n<p><em>Probabilmente la conoscenza dell\u2019esistenza di questo sport, poich\u00e9, comunque, non \u00e8 un semplice sport come gli altri, necessita di molta dedizione, e di molto tempo. Per\u00f2 oltre a questo non saprei. Fuori dal mondo agonistico, non ho nessuno con cui parlare di questo sport, a volte dei mie amici mi fanno delle domande sul foil, ma niente di pi\u00f9. Posso condividere questa passione solo con i miei compagni di squadra e i miei coach.<\/em><\/p>\n<p>\u2022 Obiettivi per la prossima stagione?<\/p>\n<p><em>Ho molti obiettivi per la prossima stagione, come allenarmi il pi\u00f9 possibile per migliorare il mio risultato nel campionato italiano, ma anche partecipare a pi\u00f9 regate possibili, tra cui anche quelle internazionali, dove spero di poter portare un buon risultato a casa.<\/em><\/p>\n<hr \/>\n<p><img loading=\"lazy\" decoding=\"async\" class=\"alignnone wp-image-16486\" src=\"http:\/\/www.aicw.it\/wp-content\/uploads\/2023\/10\/martina-focante-e-gabriele-rosa-1.jpg\" alt=\"\" width=\"500\" height=\"333\" srcset=\"https:\/\/www.aicw.it\/wp-content\/uploads\/2023\/10\/martina-focante-e-gabriele-rosa-1.jpg 1091w, https:\/\/www.aicw.it\/wp-content\/uploads\/2023\/10\/martina-focante-e-gabriele-rosa-1-300x200.jpg 300w, https:\/\/www.aicw.it\/wp-content\/uploads\/2023\/10\/martina-focante-e-gabriele-rosa-1-1024x682.jpg 1024w, https:\/\/www.aicw.it\/wp-content\/uploads\/2023\/10\/martina-focante-e-gabriele-rosa-1-768x512.jpg 768w\" sizes=\"auto, (max-width: 500px) 100vw, 500px\" \/><\/p>\n<p><strong>Gabriele Rosa ITA821<\/strong><br \/>\n<strong>Campione Italiana U17 Fin FIV\/AICW 2023<\/strong><br \/>\nData di nascita: 06\/11\/20027<br \/>\nClub di appartenenza: Planet Sail Bracciano<\/p>\n<p>\u2022 Ciao Gabriele, \u00e8 stato un campionato bello intenso, una continua battaglia tra te e Landi, ci racconti questo tuo anno agonistico, e quale pensi sia stata la tua tappa migliore?<\/p>\n<p><em>Ciao a tutti, quest\u2019anno agonistico, per me, \u00e8 stato molto importante, \u00e8 proprio da quest\u2019anno che ho iniziato a fare slalom foil e slalom pinna, e gi\u00e0 ai campionati Nazionali, ho ottenuto i risultati che volevo. Secondo me, la mia tappa migliore, \u00e8 stata quella di Talamone, dove ho ottenuto buoni risultati in entrambe le discipline.<\/em><\/p>\n<p>\u2022 Tra voi ragazzi, qual \u00e8 lo spirito predominante? C\u2019\u00e8 gi\u00e0 quella rivalit\u00e0 tipica degli atleti pi\u00f9 grandi di et\u00e0?<\/p>\n<p><em>S\u00ec, tra noi ragazzi c\u2019\u00e8 gi\u00e0 competizione, perch\u00e9 sappiamo che ci ritroveremo, in futuro, in competizioni pi\u00f9 grandi\u2026<\/em><\/p>\n<p>\u2022 Si pensa alla conferma di tutte le tappe 2023, anche per la stagione 2024, quale altro spot pensi e ti piacerebbe che entrasse a far parte della rosa delle tappe 2024? E quale pensi sia stata quella meglio organizzata e con le condizioni ottimali, in questa stagione appena passata?<\/p>\n<p><em>Mi piacerebbe che, nel 2024, ci fosse l\u2019opportunit\u00e0 di gareggiare di nuovo all\u2019Isola d\u2019Elba, perch\u00e9 \u00e8 stata la tappa con le condizioni migliori.<\/em><\/p>\n<p>\u2022Pinna e foil, quali sono le sensazioni, le emozioni, che ti da ciascuna disciplina, e quali sono le differenze, dal punto di vista degli allenamenti, che devi affrontare?<\/p>\n<p><em>Tra pinna e foil cambia davvero molto, dalla strambata all\u2019andatura, ed \u00e8 bello poterli praticare entrambi ed essermi distinto ai Nazionali.<\/em><\/p>\n<p>\u2022Obiettivi per la prossima stagione?<\/p>\n<p><em>I miei obiettivi, per la prossima stagione, sono quelli di poter vincere i Nazionali anche in foil, e anche vincere qualche Internazionale Juniores&#8230;<\/em><\/p>\n<hr \/>\n<p>Nella categoria U15, c\u2019\u00e8 stato forse il confronto pi\u00f9 acceso, con un testa a testa, per tutta la durata del campionato, in entrambe le discipline, tra Matteo Landi e Arturo Schinin\u00e0, Matteo si aggiudica il titolo di Campione Italiano U15 Fin FIV\/AICW 2023, e ad Arturo va il titolo di Campione Italiano U15 Foil FIV\/AICW 2023. La giovanissima Ginevra Giunti \u00e8 la Campionessa Italiana U15 Fin e Foil FIV\/AICW 2023.<\/p>\n<p><img loading=\"lazy\" decoding=\"async\" class=\" wp-image-16455 aligncenter\" src=\"http:\/\/www.aicw.it\/wp-content\/uploads\/2023\/10\/landi-schinina\u0300.jpg\" alt=\"\" width=\"595\" height=\"273\" srcset=\"https:\/\/www.aicw.it\/wp-content\/uploads\/2023\/10\/landi-schinina\u0300.jpg 1306w, https:\/\/www.aicw.it\/wp-content\/uploads\/2023\/10\/landi-schinina\u0300-300x138.jpg 300w, https:\/\/www.aicw.it\/wp-content\/uploads\/2023\/10\/landi-schinina\u0300-1024x470.jpg 1024w, https:\/\/www.aicw.it\/wp-content\/uploads\/2023\/10\/landi-schinina\u0300-768x352.jpg 768w\" sizes=\"auto, (max-width: 595px) 100vw, 595px\" \/><\/p>\n<p><strong>Matteo Landi, ITA 7117<\/strong><br \/>\n<strong>Campione Italiano U15 Fin FIV\/AICW 2023<\/strong><br \/>\nData di nascita: 02\/09\/2008<br \/>\nClub di appartenenza: Windsurf club Messina<br \/>\nSponsor: Il portafogli di mio padre, il circolo e Formula 3 Messina<\/p>\n<p>\u2022 Ciao Matteo, avete combattuto, con Schinin\u00e0, fino all\u2019ultima regata, come \u00e8 stato questo campionato? Quali regate hai amato di pi\u00f9?<\/p>\n<p><em>Tra me e Schinin\u00e0 c\u2019\u00e8 stata molta competizione, nonostante ci spronassimo a vicenda per ottenere buoni risultati contro gli U17. Questa stagione \u00e8 stata molto particolare, dove andavo bene in foil, andavo male in pinna e viceversa, ma sicuramente in classifica assoluta ho ottenuto i migliori risultati a Messina e Talamone, con il foil, e a Calambrone, dove ho ottenuto un quarto posto in una heat con gli U20 e U17 in pinna, e poi, alla finale all\u2019Elba, con la pinna, \u00e8 andata benissimo!<\/em><\/p>\n<p>\u2022 Pinna e Foil, al momento hai una preferenza oppure ti entusiasmano allo stesso modo? \u00c8 diversa la modalit\u00e0 di allenamento per le due discipline dal punto di vista fisico?<\/p>\n<p><em>Sicuramente mi sto concentrando molto sul foil, poich\u00e9 \u00e8 il futuro del windsurf, ma la pinna non perder\u00e0 mai il suo fascino. Devo dire che, in condizioni ottimali, con vento costante sui 20-25knts e acqua piatta, come nello Stretto, la pinna \u00e8 decisamente pi\u00f9 bella da vedere e divertente.<\/em><\/p>\n<p>\u2022 Allenamenti in famiglia, affiatamento, rivalit\u00e0? \u00c8, di sicuro, una bella possibilit\u00e0 potersi allenare con tuo fratello, come si svolge una vostra giornata tipo?<\/p>\n<p><em>In regata e in allenamento percepisco molto la rivalit\u00e0 tra me e mio fratello (ci aiutiamo anche pero eh, ndr), la voglia di fare meglio dell\u2019altro c\u2019\u00e8 sempre. Purtroppo, in quest\u2019anno, non sempre siamo riusciti ad allenarci insieme, infatti per la prossima stagione sar\u00e0 fondamentale coordinare i nostri allenamenti.<\/em><\/p>\n<p>\u2022 Nel circolo dal quale provenite, avete qualche altro amico che, dopo avervi visto gareggiare, ha deciso di avvicinarsi al windsurf per seguire il vostro esempio? Cosa diresti a un tuo coetaneo per convincerlo a provare?<\/p>\n<p><em>Se ricordo male erano esattamente due anni fa quando \u00e8 spuntato al circolo un ragazzo, Davide, che si \u00e8 subito impegnato nel salire di livello nel windsurf e in quattro mesetti circa ha iniziato a fare le regate con me e mio fratello. Un consiglio per una nuova leva? Divertimento puro!<\/em><\/p>\n<p>\u2022 Obiettivi per la prossima stagione?<\/p>\n<p><em>Per la prossima stagione vogliamo entrare a pieno nel mondo dell\u2019IQ Foil, con un primo possibile raduno il 2 Gennaio&#8230; senza perdere un giorno! Se vediamo che iniziamo a fare risultato, come nella mia prima esperienza a Torbole alla II tappa dell\u2019italiano youth, dove mi sono posizionato a met\u00e0 classifica su 24 regatanti, continueremo su quella strada, altrimenti\u2026 penso ci daremo all\u2019ippica.<\/em><\/p>\n<hr \/>\n<p><img loading=\"lazy\" decoding=\"async\" class=\"alignnone wp-image-16457\" src=\"http:\/\/www.aicw.it\/wp-content\/uploads\/2023\/10\/arturo-pinna.jpg\" alt=\"\" width=\"416\" height=\"278\" srcset=\"https:\/\/www.aicw.it\/wp-content\/uploads\/2023\/10\/arturo-pinna.jpg 829w, https:\/\/www.aicw.it\/wp-content\/uploads\/2023\/10\/arturo-pinna-300x200.jpg 300w, https:\/\/www.aicw.it\/wp-content\/uploads\/2023\/10\/arturo-pinna-768x512.jpg 768w\" sizes=\"auto, (max-width: 416px) 100vw, 416px\" \/><img loading=\"lazy\" decoding=\"async\" class=\"alignnone wp-image-16456\" src=\"http:\/\/www.aicw.it\/wp-content\/uploads\/2023\/10\/arturo-foil.jpg\" alt=\"\" width=\"366\" height=\"275\" srcset=\"https:\/\/www.aicw.it\/wp-content\/uploads\/2023\/10\/arturo-foil.jpg 1152w, https:\/\/www.aicw.it\/wp-content\/uploads\/2023\/10\/arturo-foil-300x225.jpg 300w, https:\/\/www.aicw.it\/wp-content\/uploads\/2023\/10\/arturo-foil-1024x768.jpg 1024w, https:\/\/www.aicw.it\/wp-content\/uploads\/2023\/10\/arturo-foil-768x576.jpg 768w\" sizes=\"auto, (max-width: 366px) 100vw, 366px\" \/><br \/>\n<strong>Arturo Schinin\u00e0, ITA 818<\/strong><br \/>\n<strong>Campione Italiano U15 Foil FIV\/AICW 2023<\/strong><br \/>\nData di nascita 11\/02\/2010<br \/>\nClub di appartenenza Compagnia del Porto MARYC Marina di Ragusa<br \/>\nSponsor \u201cCronos Maserati\u201d<\/p>\n<p>\u2022 Nella vostra categoria c\u2019\u00e8 stata una bella battaglia in questo campionato, alla finalissima siete arrivati a pari merito tu e Matteo Landi, in entrambe le classifiche, cosa pensi di aver avuto in pi\u00f9 per la conquista del titolo foil in quest\u2019ultima tappa dell\u2019Elba?<\/p>\n<p><em>Si \u00e8 stata una bellissima battaglia ed \u00e8 stato bello condividere entrambi i podi. Nell\u2019ultimo periodo sono stato seguito da un coach d\u2019eccezione, Daniele Benedetti, i suoi consigli mi hanno consentito di essere pi\u00f9 sicuro sul foil, soprattutto in partenza e in boa, poi, all\u2019Elba, ho anche utilizzato il nuovo Foil F4, col quale inizio a prendere confidenza. Pensavo di poter vincere la tappa anche con la pinna ma Matteo, in queste condizioni di vento, e con una vela pi\u00f9 grande \u00e8 stato pi\u00f9 veloce, il distacco, alla fine, \u00e8 stato minimo, e credo che con qualche prova in pi\u00f9 avrei potuto raggiungerlo\u2026<\/em><\/p>\n<p>\u2022 Quali sono state, secondo te, le tappe pi\u00f9 belle disputate e che non dovrebbero mancare nel prossimo calendario e perch\u00e9?<\/p>\n<p><em>L\u2019ospitalit\u00e0 delle tappe siciliane \u00e8 sempre al top, ma devo dire che Torbole garantisce sempre belle regate e anche se, per noi, \u00e8 lontana, vale assolutamente la pena, e poi L\u2019Elba \u00e8 stata bellissima, posto incantevole, ospitalit\u00e0 eccezionale, organizzazione impeccabile, voglio tornarci!<\/em><\/p>\n<p>\u2022 Nella categoria U15 siete ancora pochi, credi che questa tua vittoria possa far s\u00ec che altri ragazzi, magari della tua zona, si appassionino e possano avvicinarsi allo sport agonistico?<\/p>\n<p><em>Me lo auguro, \u00e8 uno sport molto tecnico e impegnativo, anche economicamente, partecipare al campionato italiano comporta, inoltre, per noi siciliani, e ancor pi\u00f9 per chi vive nella nostra zona, un enorme impegno, per noi ragazzi il supporto della famiglia diventa fondamentale, la passione dei ragazzi quindi non sempre \u00e8 sufficiente, occorre anche quella dei genitori\u2026<\/em><\/p>\n<p>\u2022 Gareggiare in regata con gli atleti U17, vincendo spesso le regate, immagino sia un bello stimolo a fare sempre meglio, trovi delle difficolt\u00e0 nelle regate con la categoria U17 o non credi ci siano grandi limiti nel disputarle assieme?<\/p>\n<p><em>Si, competere con gli U17 \u00e8 stato bello e stimolante, inoltre \u00e8 stato molto soddisfacente vincere delle prove contro i pi\u00f9 grandi. Soprattutto in pinna, io e Matteo ci siamo trovati spesso davanti agli U17, penso che saremmo arrivati in testa al campionato. Infine penso che il numero di partecipanti delle due categorie sommati, creino una flotta che rende le regate pi\u00f9 combattute e impegnative.<\/em><\/p>\n<p>\u2022 Obiettivi per la prossima stagione?<\/p>\n<p><em>Io, la prossima stagione, avr\u00f2 14 anni, quindi spero che la classe U15 sia ricca di partecipanti, altrimenti potrei valutare di competere, e far bene, anche con i pi\u00f9 grandi U17. Vorrei inoltre partecipare anche a qualche tappa IQ foil per cimentarmi in una nuova specialit\u00e0 e in nuove \u201candature\u201d\u2026 La prossima volta comunque punto a vincere entrambe le discipline&#8230;<\/em><\/p>\n<hr \/>\n<p><img loading=\"lazy\" decoding=\"async\" class=\"alignnone size-full wp-image-16460\" src=\"http:\/\/www.aicw.it\/wp-content\/uploads\/2023\/10\/Ginevra-Giunti-ITA321-2.jpg\" alt=\"\" width=\"495\" height=\"650\" srcset=\"https:\/\/www.aicw.it\/wp-content\/uploads\/2023\/10\/Ginevra-Giunti-ITA321-2.jpg 495w, https:\/\/www.aicw.it\/wp-content\/uploads\/2023\/10\/Ginevra-Giunti-ITA321-2-228x300.jpg 228w\" sizes=\"auto, (max-width: 495px) 100vw, 495px\" \/><br \/>\n<strong>Ginevra Giunti, ITA 321<\/strong><br \/>\n<strong>Campionessa Italiana Fin e Foil FIV\/AICW 2023<\/strong><br \/>\nData di nascita 11\/03\/2010<br \/>\nClub di appartenenza Planet Sail Bracciano<\/p>\n<p>\u2022 Come \u00e8 stata questa partecipazione al campionato italiano giovanile e questa tua doppia conquista del titolo?<\/p>\n<p><em>\u00c8 stata un\u2019esperienza molto importante per me e la mia crescita sportiva. Lo scorso anno ho scelto, a soli 12 anni, di lasciare la tavola Techno293 e salire sull\u2019IQ, perch\u00e8 il foil \u00e8 la tavola della mia generazione. Per imparare avevo bisogno di tanta esperienza e cos\u00ec la partecipazione al campionato giovanile AICW mi ha aiutato tanto per migliorare senza troppa pressione e per capire su dove dove lavorare. Le vittorie fanno piacere e ringrazio l\u2019organizzazione per essersi presa cura anche dei piccoli, e soprattutto di noi ragazze.<\/em><\/p>\n<p>\u2022 Il panorama delle atlete femminile \u00e8 ancora in sviluppo, voi avete un bellissimo gruppo molto affiatato, so che vi allenate assieme e immagino vi supportiate l\u2019una con l\u2019altra\u2026<\/p>\n<p><em>Il windsurf \u00e8 uno sport stupendo, fatto dagli uomini per gli uomini e le ragazze che ci provano sono poche perch\u00e9 si \u00e8 sempre a rincorrere limiti che non sono i nostri\u2026 sai quante volte mi hanno detto \u201ceh! arrivare sul podio con le donne \u00e8 facile!\u201d e quanti pochi invece riflettono su quanto sia pi\u00f9 difficile per noi, fisicamente, anche solo sollevare una tavola con il foil e la vela e portarla a riva, confrontarci in partenza con i maschi o solo arrivare in tempo limite per fare classifica. Lavorare con un gruppo affiatato e condividere con altre ragazze le stesse passioni e difficolt\u00e0 aiuta tanto e io, che sono la piccola, ho ricevuto un grande supporto dalle mie compagne pi\u00f9 grandi, Martina, Elena e Giulia, che ringrazio.<\/em><\/p>\n<p>\u2022 Sei stata spesso al passo con gli atleti della categoria maschile e con le altre ragazze dell\u2019U17, immagino sia stata una bella carica durante le regate, quale pensi sia stata la tua regata migliore e perch\u00e9?<\/p>\n<p><em>Qualche volta \u00e8 successo e fa piacere, ma sono cos\u00ec piccola che le posizioni contano poco, pi\u00f9 importante \u00e8 come mi comporto sulla tavola, mi ricordo bene quando ho strambato in volo in regata per la prima volta a Messina, perch\u00e9 farlo in regata \u00e8 un\u2019altra cosa, o quando sono riuscita, alla tappa di Calambrone, a mantenere il foil alto per tutta la regata, nonostante la condizione peggiore per me, di vento leggero.<\/em><\/p>\n<p>\u2022 Come si conciliano impegni scolastici e allenamenti quando si partecipa a un campionato nazionale?<\/p>\n<p><em>Con metodo, studio concentrata e preparo le interrogazioni e i compiti in anticipo, considerando le trasferte programmate. Un po\u2019 come in allenamento, essendo la pi\u00f9 inesperta, spesso arrivo prima degli altri per preparare con la giusta routine la mia attrezzatura e assicurami di essere pronta.<\/em><\/p>\n<p>\u2022 Obiettivi per la prossima stagione?<\/p>\n<p><em>La prossima stagione vorrei performare in regata, e per farlo devo migliorare il cambio di mura in FIN, perch\u00e9 sono ancora troppo instabile, e lavorare sulle andature in FOIL up e down wind, con vento leggero. Parteciper\u00f2 a un mix tra le regate nazionali AICW e IQ perch\u00e9, per imparare, ho bisogno di esperienza o, come dice uno dei miei allenatori, Christopher Frank, \u201cper migliorare ci vogliono tante ore di volo\u201d&#8230;<\/em><\/p>\n<hr \/>\n<p>Una grande soddisfazione, per tutto il direttivo AICW, non sono di certo mancate le battute d\u2019arresto e qualche insoddisfazione in alcune tappe, ma lo sappiamo, fa parte del gioco, \u201cchi non fa non falla\u201d dice il detto\u2026 Un grande ringraziamento va, principalmente, ai genitori dei giovanissimi, che macinano chilometri\u2026 e soldi, per aiutare i loro figli a inseguire i loro sogni e lo loro passioni. Grazie anche a tutti gli allenatori, ai circoli che hanno dato la loro disponibilit\u00e0 e professionalit\u00e0 nel corso della stagione 2023, ai giudici, e a tutto lo staff AICW. Ci saranno novit\u00e0 importanti per la stagione 2024, abbiamo chiesto alcune anticipazioni al Presidente AICW Cristiano Siringo, attendendo la conferma ufficiale per il Calendario 2024, che sar\u00e0 presentato a breve, in una itw che realizzeremo con Siringo, proprio per ufficializzare il nuovo calendario e i nuovi standard.<\/p>\n<p><img loading=\"lazy\" decoding=\"async\" class=\"size-full wp-image-16462 aligncenter\" src=\"http:\/\/www.aicw.it\/wp-content\/uploads\/2023\/10\/cricco.jpg\" alt=\"\" width=\"725\" height=\"720\" srcset=\"https:\/\/www.aicw.it\/wp-content\/uploads\/2023\/10\/cricco.jpg 725w, https:\/\/www.aicw.it\/wp-content\/uploads\/2023\/10\/cricco-300x298.jpg 300w, https:\/\/www.aicw.it\/wp-content\/uploads\/2023\/10\/cricco-150x150.jpg 150w\" sizes=\"auto, (max-width: 725px) 100vw, 725px\" \/><br \/>\n<strong>Cristiano Siringo, presidente AICW:<\/strong><\/p>\n<p><em>In primis voglio ringraziare soprattutto genitori e allenatori delle categorie Giovanili, che ci hanno dato credito, e ci hanno seguiti in questa avventura che \u00e8 iniziata ai primi di maggio a Torbole, e si \u00e8 conclusa a met\u00e0 ottobre all\u2019Isola D\u2019Elba. Poi un plauso, e un ringraziamento, va ai Circoli, ai giudici, al personale di supporto assolutamente importante, penso ai posaboe o ai drivers dei gommoni di assistenza e recupero, e in ultimo agli sponsor delle varie Tappe e alle Amministrazioni Pubbliche che ci hanno supportato.<\/em><br \/>\n<em>Chiaramente, un grandissimo grazie va anche, e soprattutto, a tutti gli atleti che si sono cimentati in tutte le regate, pensate che sono state date 91 partenze totali per ci\u00f2 che riguarda il foil, e 42 totali per ci\u00f2 che riguarda la pinna, senza contare le heat annullate, mi sembra siano numeri notevoli e, soprattutto, grandi risultati in termini agonistici e di divertimento.<\/em><br \/>\n<em>Questo \u00e8 stato il primo anno in cui si \u00e8 ritornati nuovamente, dopo decenni, a un Campionato Italiano Assoluto disputato a tappe, come era in passato, per esempio ai tempi del CIF, e la prima volta in assoluto in cui anche i Campionati Italiani Giovanili hanno avuto un circuito. Devo dire che siamo molto soddisfatti, cos\u00ec come lo sono anche i Circoli ospitanti che gi\u00e0 hanno riconfermato per il 2024 con l\u2019aggiunta di altre richieste, situazione questa che ci gratifica e ci fa capire che la strada \u00e8 quella giusta, visto il rinnovato interesse nei nostri confronti e nei confronti delle nostre regate.<\/em><\/p>\n<p><em>Detto ci\u00f2, non abbiamo gi\u00e0 pi\u00f9 il tempo per crogiolarci, io ed il Consiglio Direttivo AICW, siamo gi\u00e0 proiettati verso il 2024, per formare calendari da pubblicare prima possibile. Posso per\u00f2 gi\u00e0 dare un\u2019anteprima sulla stazza 2024 che \u00e8 appena stata votata definitivamente dal Consiglio per ci\u00f2 che riguarda lo Slalom Fin &amp; Foil:<\/em><\/p>\n<p><em>&#8211; limite vento foil: 7-20 nodi;<\/em><br \/>\n<em>&#8211; limite vento pinna: 11 nodi a salire;<\/em><br \/>\n<em>&#8211; larghezza massima tavole: 95 cm;<\/em><br \/>\n<em>&#8211; totale attrezzatura: 3 tavole e 6 vele complessive;<\/em><br \/>\n<em>&#8211; obbligatoria 1 sola tavola foil;<\/em><br \/>\n<em>&#8211; obbligatorie solo 2 tavole slalom;<\/em><br \/>\n<em>&#8211; 6 vele, o meno, libere max 10mq;<\/em><br \/>\n<em>&#8211; foil: 1 mast &#8211; 2 fusoliere &#8211; 2 ali anteriori e 2 ali posteriori;<\/em><br \/>\n<em>&#8211; pinne: libere max 60 cm di lunghezza.<\/em><br \/>\n<em>Tutto il materiale da utilizzare nel 2024 andr\u00e0 dichiarato alla prima regata stagionale, e potr\u00e0 essere sostituito con materiale analogo (per misura, larghezza, superficie, ecc.) solo in caso di rotture conclamate e verificate dal CdR presente, o da membri del Consiglio AICW presenti. Chiaramente la sostituzione non sar\u00e0 reversibile, se non in caso di ulteriore rottura.<\/em><\/p>\n<p><em>Detto ci\u00f2 ringrazio di nuovo tutti quelli che hanno partecipato a una stagione cos\u00ec esaltante, e spero di rivedere tutti voi, e anche molti nuovi, soprattutto giovani, il prossimo anno, con la promessa che faremo di tutto per migliorarci.<\/em><\/p>\n<p>Per le classifiche complete:<a href=\"http:\/\/www.aicw.it\/index.php\/classifiche-2023\/\"> http:\/\/www.aicw.it\/index.php\/classifiche-2023\/<\/a><\/p>\n<p>Si ringrazia:<\/p>\n<p>Comune di Capoliveri<br \/>\nEnte Parco Arcipelago Toscano<br \/>\nCircolo Velico Naregno<br \/>\nPoint-7<\/p>\n<p>Sponsor:<\/p>\n<p>Acqua Dell\u2019Elba, Wind &amp; Snack lido di Capoliveri, Blu Navy Isola d\u2019Elba, Elba Bevande<\/p>\n","protected":false},"excerpt":{"rendered":"<p>Testo di Federico Calcaterra, Elena De Fazi, Martina Focante, Christopher Frank, Ginevra Giunti, Matteo Landi, Michele Laurenza, Giulio Milianelli, Roberta Pala, Gabriele Rosa, Arturo Schinin\u00e0, Cristiano Siringo, Aurora Vannucci, Diana Vicari Foto Courtesy Francesca Freddi, Elena Giolai,Tommaso Landi, Stefano Muti, Emilio Santinelli Si \u00e8 conclusa la stagione 2023 FIV\/AICW per la specialit\u00e0 Slalom, all\u2019Elba sono [&hellip;]<\/p>\n","protected":false},"author":2,"featured_media":16475,"comment_status":"closed","ping_status":"closed","sticky":false,"template":"","format":"standard","meta":{"footnotes":""},"categories":[5,4],"tags":[],"class_list":{"0":"post-16440","1":"post","2":"type-post","3":"status-publish","4":"format-standard","5":"has-post-thumbnail","7":"category-latest-news","8":"category-news","9":"czr-hentry"},"_links":{"self":[{"href":"https:\/\/www.aicw.it\/index.php\/wp-json\/wp\/v2\/posts\/16440","targetHints":{"allow":["GET"]}}],"collection":[{"href":"https:\/\/www.aicw.it\/index.php\/wp-json\/wp\/v2\/posts"}],"about":[{"href":"https:\/\/www.aicw.it\/index.php\/wp-json\/wp\/v2\/types\/post"}],"author":[{"embeddable":true,"href":"https:\/\/www.aicw.it\/index.php\/wp-json\/wp\/v2\/users\/2"}],"replies":[{"embeddable":true,"href":"https:\/\/www.aicw.it\/index.php\/wp-json\/wp\/v2\/comments?post=16440"}],"version-history":[{"count":26,"href":"https:\/\/www.aicw.it\/index.php\/wp-json\/wp\/v2\/posts\/16440\/revisions"}],"predecessor-version":[{"id":16487,"href":"https:\/\/www.aicw.it\/index.php\/wp-json\/wp\/v2\/posts\/16440\/revisions\/16487"}],"wp:featuredmedia":[{"embeddable":true,"href":"https:\/\/www.aicw.it\/index.php\/wp-json\/wp\/v2\/media\/16475"}],"wp:attachment":[{"href":"https:\/\/www.aicw.it\/index.php\/wp-json\/wp\/v2\/media?parent=16440"}],"wp:term":[{"taxonomy":"category","embeddable":true,"href":"https:\/\/www.aicw.it\/index.php\/wp-json\/wp\/v2\/categories?post=16440"},{"taxonomy":"post_tag","embeddable":true,"href":"https:\/\/www.aicw.it\/index.php\/wp-json\/wp\/v2\/tags?post=16440"}],"curies":[{"name":"wp","href":"https:\/\/api.w.org\/{rel}","templated":true}]}}