{"id":16332,"date":"2023-09-19T13:50:07","date_gmt":"2023-09-19T11:50:07","guid":{"rendered":"http:\/\/www.aicw.it\/?p=16332"},"modified":"2023-10-02T13:50:25","modified_gmt":"2023-10-02T11:50:25","slug":"iv-tappa-campionato-italiano-giovanile-e-assoluto-slalom-fiv-aicw-centro-vela-sunset-calambrone-15-17-settembre-2023","status":"publish","type":"post","link":"https:\/\/www.aicw.it\/index.php\/2023\/09\/19\/iv-tappa-campionato-italiano-giovanile-e-assoluto-slalom-fiv-aicw-centro-vela-sunset-calambrone-15-17-settembre-2023\/","title":{"rendered":"IV Tappa Campionato Italiano Giovanile e Assoluto Slalom FIV\/AICW  Centro Vela Sunset, Calambrone, 15-17 Settembre 2023."},"content":{"rendered":"<p>Testo di Roberta Pala e Christopher Frank<\/p>\n<p>foto di Tommaso Landi<\/p>\n<p>&nbsp;<\/p>\n<p>Quarta e penultima tappa del Campionato Italiano Giovanile e Assoluto Slalom FIV\/AICW, tre giornate difficili dal punto di vista del meteo, nulla di fatto venerd\u00ec e condizioni altalenanti nella giornata di sabato, la domenica \u00e8 stata adatta al disputarsi delle sole prove foil, con tre regate per gli under 15-17 e quattro per U20 e assoluto. L\u2019U20 Michele Laurenza, sempre ai vertici in tutte le prove, si \u00e8 dimostrato un vero talento, sia in pinna, sia in foil, con una bella rimonta nelle prove Foil, che l\u2019hanno portato ad ottenere la seconda posizione nell\u2019Assoluto Foil e \u00a0due primi posti collezionati nelle due categorie per la classifica U20. In ogni categoria, la classifica generale vede gli atleti delle prime posizioni, separati da una manciata di punti, in attesa della finalissima dell\u2019Elba, in programma il prossimo 6-8 Ottobre.<\/p>\n<p>&nbsp;<\/p>\n<p>&nbsp;<\/p>\n<p>La prima giornata di gara al Calambrone, presso il Centro Vela Sunset, \u00e8 stata caratterizzata da un vento non sufficiente al disputarsi delle prove, previsioni completamente cambiate nell\u2019arco di 24 ore, con un\u2019attesa incerta per il week end imminente.<\/p>\n<p>Il Sabato il vento ha consentito lo svolgimento delle prime tre regate foil, sulle quattro possibili, il foil \u00e8 stato reso molto bello, anche perch\u00e9 il campo era messo benissimo e le prove erano divertenti, a seconda di molti, forse le regate pi\u00f9 belle dell\u2019anno al momento.<\/p>\n<p>Con un vento in aumento, che ha fatto optare il comitato di regata per il cambio di specialit\u00e0, tutti a terra e si parte con la pinna, vele attorno alla 8.6, vento leggero ma regolare, prove di qualifica svoltesi in maniera lineare, fino alla finale vincenti, prima regata richiamata, troppi OCS sulla linea di partenza, alcuni erano gi\u00e0 praticamente al traguardo, quando si sono trovati a dover risalire per ridisputare la regata, il vento, ormai, era iniziato a calare, andando a rendere difficoltosa la finale, portata a termine non senza proteste da parte dei regatanti e con la prima vittoria assoluta di Alessandro Ristori, seguito da Frank e Milanelli nonch\u00e9 ottavo e primo dei giovani Matteo Righetti, prova comunque validata, e classifica generale assoluto, dopo quattro tappe, che vede le prime posizioni in una manciata di punti, lasciando aperto qualsiasi scenario per la finale dell\u2019Elba.<\/p>\n<p>La domenica, verso le 13.30 \u2013 14.00, gli atleti sono stati richiamati in acqua per le sole prove foil, il vento era da Sud, Sud Est, leggero, all\u2019inizio difficoltoso anche per il foil, le prime due regate sono state un po\u2019 difficili, poi il vento \u00e8 aumentato sui 10-12 nodi, e sono state portate a termine tutte le quattro prove previste per ogni categoria. Dopo la prima regata, il campo \u00e8 stato accorciato, solo tre boe, il vento era pi\u00f9 leggero, campo sempre posizionato molto bene, e prove soddisfacenti.<\/p>\n<p>Nell\u2019assoluto Foil, prima posizione salda in regata per Christopher Frank e una bella battaglia nelle retrovie, con Laurenza che \u00e8 stato protagonista di una bella rimonta, piazzandosi in seconda posizione, e grande lotta per la terza, con gli atleti in una manciata di punti, alla fine \u00e8 stato Carmine Navarra a piazzarsi in terza posizione nella classifica dell\u2019Assoluto del Calambrone con Ristori e Milanelli ad un soffio.<\/p>\n<p>Per ci\u00f2 che riguarda i pi\u00f9 giovani bisogna menzionare il predominio di Calcaterra nel foil Under 15\/17 con tutte prime posizioni e un secondo posto, con Bertugelli alle spalle che cresce di regata in regata, e il piccolissimo siciliano Schinin\u00e0 (Under 15) primo della sua categoria; nella pinna, invece, si segnala un Gabriele Rosa (primo Under 17) molto solido e continuo, e Matteo Landi, primo Under 15, con un ottimo passo.<\/p>\n<p>&nbsp;<\/p>\n<p>Nelle due flotte hanno regatato anche le giovani Diana Vicari e Martina Focante, nonch\u00e9 la giovanissima Ginevra Giunti, che si sono tolte la soddisfazione, in alcune prove Foil, di mettere dietro alcuni maschietti.<\/p>\n<p>&nbsp;<\/p>\n<p>Peccato per la pinna, foil bellissimo, atleti contenti per essere riusciti a portare a casa le regate, nonostante le previsioni della vigilia fossero sconfortanti, e appuntamento per una finalissima che si preannuncia molto combattuta, organizzata dal circolo FIV di Naregno, si terr\u00e0 sulla spiaggia del Lido di Capoliveri, presso il centro Wind &amp; Snack di Malte Reuscher, all\u2019isola d\u2019Elba, dal 6 all\u20198 Ottobre.<\/p>\n<p>&nbsp;<\/p>\n<p>&nbsp;<\/p>\n<div id='gallery-1' class='czr-gallery row flex-row czr-gallery-style gallery galleryid-16332 gallery-columns-4 gallery-size-thumbnail'><figure class='gallery-item col col-auto'>\r\n                        <div class='gallery-icon landscape czr-gallery-icon'>\r\n                              <a href=https:\/\/www.aicw.it\/index.php\/2023\/09\/19\/iv-tappa-campionato-italiano-giovanile-e-assoluto-slalom-fiv-aicw-centro-vela-sunset-calambrone-15-17-settembre-2023\/photo-2023-09-18-12-04-54-3\/ class=\"bg-link\"><\/a><img loading=\"lazy\" decoding=\"async\" width=\"150\" height=\"113\" src=\"https:\/\/www.aicw.it\/wp-content\/uploads\/2023\/10\/PHOTO-2023-09-18-12-04-54-3.jpg\" class=\"attachment-thumbnail size-thumbnail\" alt=\"\" sizes=\"auto, (min-width: 1200px) 255px, (min-width: 992px) 210px, (min-width: 768px) 150px, (min-width: 576px) 105px, calc( 50vw - 30px )\" \/><div class=\"post-action btn btn-skin-dark-shaded inverted\"><a href=\"https:\/\/www.aicw.it\/wp-content\/uploads\/2023\/10\/PHOTO-2023-09-18-12-04-54-3.jpg\" class=\"icn-expand\" data-lb-type=\"grouped-gallery\"><\/a><\/div>\r\n                        <\/div><\/figure><figure class='gallery-item col col-auto'>\r\n                        <div class='gallery-icon landscape czr-gallery-icon'>\r\n                              <a href=https:\/\/www.aicw.it\/index.php\/2023\/09\/19\/iv-tappa-campionato-italiano-giovanile-e-assoluto-slalom-fiv-aicw-centro-vela-sunset-calambrone-15-17-settembre-2023\/photo-2023-09-19-08-10-14-5\/ class=\"bg-link\"><\/a><img loading=\"lazy\" decoding=\"async\" width=\"150\" height=\"113\" src=\"https:\/\/www.aicw.it\/wp-content\/uploads\/2023\/10\/PHOTO-2023-09-19-08-10-14-5.jpg\" class=\"attachment-thumbnail size-thumbnail\" alt=\"\" sizes=\"auto, (min-width: 1200px) 255px, (min-width: 992px) 210px, (min-width: 768px) 150px, (min-width: 576px) 105px, calc( 50vw - 30px )\" \/><div class=\"post-action btn btn-skin-dark-shaded inverted\"><a href=\"https:\/\/www.aicw.it\/wp-content\/uploads\/2023\/10\/PHOTO-2023-09-19-08-10-14-5.jpg\" class=\"icn-expand\" data-lb-type=\"grouped-gallery\"><\/a><\/div>\r\n                        <\/div><\/figure><figure class='gallery-item col col-auto'>\r\n                        <div class='gallery-icon landscape czr-gallery-icon'>\r\n                              <a href=https:\/\/www.aicw.it\/index.php\/2023\/09\/19\/iv-tappa-campionato-italiano-giovanile-e-assoluto-slalom-fiv-aicw-centro-vela-sunset-calambrone-15-17-settembre-2023\/photo-2023-09-18-12-04-54\/ class=\"bg-link\"><\/a><img loading=\"lazy\" decoding=\"async\" width=\"150\" height=\"113\" src=\"https:\/\/www.aicw.it\/wp-content\/uploads\/2023\/10\/PHOTO-2023-09-18-12-04-54.jpg\" class=\"attachment-thumbnail size-thumbnail\" alt=\"\" sizes=\"auto, (min-width: 1200px) 255px, (min-width: 992px) 210px, (min-width: 768px) 150px, (min-width: 576px) 105px, calc( 50vw - 30px )\" \/><div class=\"post-action btn btn-skin-dark-shaded inverted\"><a href=\"https:\/\/www.aicw.it\/wp-content\/uploads\/2023\/10\/PHOTO-2023-09-18-12-04-54.jpg\" class=\"icn-expand\" data-lb-type=\"grouped-gallery\"><\/a><\/div>\r\n                        <\/div><\/figure><figure class='gallery-item col col-auto'>\r\n                        <div class='gallery-icon landscape czr-gallery-icon'>\r\n                              <a href=https:\/\/www.aicw.it\/index.php\/2023\/09\/19\/iv-tappa-campionato-italiano-giovanile-e-assoluto-slalom-fiv-aicw-centro-vela-sunset-calambrone-15-17-settembre-2023\/photo-2023-09-19-08-10-14-8\/ class=\"bg-link\"><\/a><img loading=\"lazy\" decoding=\"async\" width=\"150\" height=\"113\" src=\"https:\/\/www.aicw.it\/wp-content\/uploads\/2023\/10\/PHOTO-2023-09-19-08-10-14-8.jpg\" class=\"attachment-thumbnail size-thumbnail\" alt=\"\" sizes=\"auto, (min-width: 1200px) 255px, (min-width: 992px) 210px, (min-width: 768px) 150px, (min-width: 576px) 105px, calc( 50vw - 30px )\" \/><div class=\"post-action btn btn-skin-dark-shaded inverted\"><a href=\"https:\/\/www.aicw.it\/wp-content\/uploads\/2023\/10\/PHOTO-2023-09-19-08-10-14-8.jpg\" class=\"icn-expand\" data-lb-type=\"grouped-gallery\"><\/a><\/div>\r\n                        <\/div><\/figure><figure class='gallery-item col col-auto'>\r\n                        <div class='gallery-icon landscape czr-gallery-icon'>\r\n                              <a href=https:\/\/www.aicw.it\/index.php\/2023\/09\/19\/iv-tappa-campionato-italiano-giovanile-e-assoluto-slalom-fiv-aicw-centro-vela-sunset-calambrone-15-17-settembre-2023\/photo-2023-09-19-08-10-14-4\/ class=\"bg-link\"><\/a><img loading=\"lazy\" decoding=\"async\" width=\"150\" height=\"113\" src=\"https:\/\/www.aicw.it\/wp-content\/uploads\/2023\/10\/PHOTO-2023-09-19-08-10-14-4.jpg\" class=\"attachment-thumbnail size-thumbnail\" alt=\"\" sizes=\"auto, (min-width: 1200px) 255px, (min-width: 992px) 210px, (min-width: 768px) 150px, (min-width: 576px) 105px, calc( 50vw - 30px )\" \/><div class=\"post-action btn btn-skin-dark-shaded inverted\"><a href=\"https:\/\/www.aicw.it\/wp-content\/uploads\/2023\/10\/PHOTO-2023-09-19-08-10-14-4.jpg\" class=\"icn-expand\" data-lb-type=\"grouped-gallery\"><\/a><\/div>\r\n                        <\/div><\/figure><figure class='gallery-item col col-auto'>\r\n                        <div class='gallery-icon landscape czr-gallery-icon'>\r\n                              <a href=https:\/\/www.aicw.it\/index.php\/2023\/09\/19\/iv-tappa-campionato-italiano-giovanile-e-assoluto-slalom-fiv-aicw-centro-vela-sunset-calambrone-15-17-settembre-2023\/photo-2023-09-18-12-04-50-2\/ class=\"bg-link\"><\/a><img loading=\"lazy\" decoding=\"async\" width=\"150\" height=\"113\" src=\"https:\/\/www.aicw.it\/wp-content\/uploads\/2023\/10\/PHOTO-2023-09-18-12-04-50-2.jpg\" class=\"attachment-thumbnail size-thumbnail\" alt=\"\" sizes=\"auto, (min-width: 1200px) 255px, (min-width: 992px) 210px, (min-width: 768px) 150px, (min-width: 576px) 105px, calc( 50vw - 30px )\" \/><div class=\"post-action btn btn-skin-dark-shaded inverted\"><a href=\"https:\/\/www.aicw.it\/wp-content\/uploads\/2023\/10\/PHOTO-2023-09-18-12-04-50-2.jpg\" class=\"icn-expand\" data-lb-type=\"grouped-gallery\"><\/a><\/div>\r\n                        <\/div><\/figure><figure class='gallery-item col col-auto'>\r\n                        <div class='gallery-icon landscape czr-gallery-icon'>\r\n                              <a href=https:\/\/www.aicw.it\/index.php\/2023\/09\/19\/iv-tappa-campionato-italiano-giovanile-e-assoluto-slalom-fiv-aicw-centro-vela-sunset-calambrone-15-17-settembre-2023\/photo-2023-09-18-12-04-53\/ class=\"bg-link\"><\/a><img loading=\"lazy\" decoding=\"async\" width=\"150\" height=\"113\" src=\"https:\/\/www.aicw.it\/wp-content\/uploads\/2023\/10\/PHOTO-2023-09-18-12-04-53.jpg\" class=\"attachment-thumbnail size-thumbnail\" alt=\"\" sizes=\"auto, (min-width: 1200px) 255px, (min-width: 992px) 210px, (min-width: 768px) 150px, (min-width: 576px) 105px, calc( 50vw - 30px )\" \/><div class=\"post-action btn btn-skin-dark-shaded inverted\"><a href=\"https:\/\/www.aicw.it\/wp-content\/uploads\/2023\/10\/PHOTO-2023-09-18-12-04-53.jpg\" class=\"icn-expand\" data-lb-type=\"grouped-gallery\"><\/a><\/div>\r\n                        <\/div><\/figure><figure class='gallery-item col col-auto'>\r\n                        <div class='gallery-icon landscape czr-gallery-icon'>\r\n                              <a href=https:\/\/www.aicw.it\/index.php\/2023\/09\/19\/iv-tappa-campionato-italiano-giovanile-e-assoluto-slalom-fiv-aicw-centro-vela-sunset-calambrone-15-17-settembre-2023\/photo-2023-09-18-12-04-54-4\/ class=\"bg-link\"><\/a><img loading=\"lazy\" decoding=\"async\" width=\"150\" height=\"113\" src=\"https:\/\/www.aicw.it\/wp-content\/uploads\/2023\/10\/PHOTO-2023-09-18-12-04-54-4.jpg\" class=\"attachment-thumbnail size-thumbnail\" alt=\"\" sizes=\"auto, (min-width: 1200px) 255px, (min-width: 992px) 210px, (min-width: 768px) 150px, (min-width: 576px) 105px, calc( 50vw - 30px )\" \/><div class=\"post-action btn btn-skin-dark-shaded inverted\"><a href=\"https:\/\/www.aicw.it\/wp-content\/uploads\/2023\/10\/PHOTO-2023-09-18-12-04-54-4.jpg\" class=\"icn-expand\" data-lb-type=\"grouped-gallery\"><\/a><\/div>\r\n                        <\/div><\/figure><figure class='gallery-item col col-auto'>\r\n                        <div class='gallery-icon landscape czr-gallery-icon'>\r\n                              <a href=https:\/\/www.aicw.it\/index.php\/2023\/09\/19\/iv-tappa-campionato-italiano-giovanile-e-assoluto-slalom-fiv-aicw-centro-vela-sunset-calambrone-15-17-settembre-2023\/photo-2023-09-18-12-04-49\/ class=\"bg-link\"><\/a><img loading=\"lazy\" decoding=\"async\" width=\"150\" height=\"113\" src=\"https:\/\/www.aicw.it\/wp-content\/uploads\/2023\/10\/PHOTO-2023-09-18-12-04-49.jpg\" class=\"attachment-thumbnail size-thumbnail\" alt=\"\" sizes=\"auto, (min-width: 1200px) 255px, (min-width: 992px) 210px, (min-width: 768px) 150px, (min-width: 576px) 105px, calc( 50vw - 30px )\" \/><div class=\"post-action btn btn-skin-dark-shaded inverted\"><a href=\"https:\/\/www.aicw.it\/wp-content\/uploads\/2023\/10\/PHOTO-2023-09-18-12-04-49.jpg\" class=\"icn-expand\" data-lb-type=\"grouped-gallery\"><\/a><\/div>\r\n                        <\/div><\/figure><figure class='gallery-item col col-auto'>\r\n                        <div class='gallery-icon landscape czr-gallery-icon'>\r\n                              <a href=https:\/\/www.aicw.it\/index.php\/2023\/09\/19\/iv-tappa-campionato-italiano-giovanile-e-assoluto-slalom-fiv-aicw-centro-vela-sunset-calambrone-15-17-settembre-2023\/photo-2023-09-18-12-04-48\/ class=\"bg-link\"><\/a><img loading=\"lazy\" decoding=\"async\" width=\"150\" height=\"113\" src=\"https:\/\/www.aicw.it\/wp-content\/uploads\/2023\/10\/PHOTO-2023-09-18-12-04-48.jpg\" class=\"attachment-thumbnail size-thumbnail\" alt=\"\" sizes=\"auto, (min-width: 1200px) 255px, (min-width: 992px) 210px, (min-width: 768px) 150px, (min-width: 576px) 105px, calc( 50vw - 30px )\" \/><div class=\"post-action btn btn-skin-dark-shaded inverted\"><a href=\"https:\/\/www.aicw.it\/wp-content\/uploads\/2023\/10\/PHOTO-2023-09-18-12-04-48.jpg\" class=\"icn-expand\" data-lb-type=\"grouped-gallery\"><\/a><\/div>\r\n                        <\/div><\/figure><figure class='gallery-item col col-auto'>\r\n                        <div class='gallery-icon landscape czr-gallery-icon'>\r\n                              <a href=https:\/\/www.aicw.it\/index.php\/2023\/09\/19\/iv-tappa-campionato-italiano-giovanile-e-assoluto-slalom-fiv-aicw-centro-vela-sunset-calambrone-15-17-settembre-2023\/photo-2023-09-18-12-04-44-3\/ class=\"bg-link\"><\/a><img loading=\"lazy\" decoding=\"async\" width=\"150\" height=\"113\" src=\"https:\/\/www.aicw.it\/wp-content\/uploads\/2023\/10\/PHOTO-2023-09-18-12-04-44-3.jpg\" class=\"attachment-thumbnail size-thumbnail\" alt=\"\" sizes=\"auto, (min-width: 1200px) 255px, (min-width: 992px) 210px, (min-width: 768px) 150px, (min-width: 576px) 105px, calc( 50vw - 30px )\" \/><div class=\"post-action btn btn-skin-dark-shaded inverted\"><a href=\"https:\/\/www.aicw.it\/wp-content\/uploads\/2023\/10\/PHOTO-2023-09-18-12-04-44-3.jpg\" class=\"icn-expand\" data-lb-type=\"grouped-gallery\"><\/a><\/div>\r\n                        <\/div><\/figure><figure class='gallery-item col col-auto'>\r\n                        <div class='gallery-icon landscape czr-gallery-icon'>\r\n                              <a href=https:\/\/www.aicw.it\/index.php\/2023\/09\/19\/iv-tappa-campionato-italiano-giovanile-e-assoluto-slalom-fiv-aicw-centro-vela-sunset-calambrone-15-17-settembre-2023\/photo-2023-09-19-08-10-14-9\/ class=\"bg-link\"><\/a><img loading=\"lazy\" decoding=\"async\" width=\"150\" height=\"113\" src=\"https:\/\/www.aicw.it\/wp-content\/uploads\/2023\/10\/PHOTO-2023-09-19-08-10-14-9.jpg\" class=\"attachment-thumbnail size-thumbnail\" alt=\"\" sizes=\"auto, (min-width: 1200px) 255px, (min-width: 992px) 210px, (min-width: 768px) 150px, (min-width: 576px) 105px, calc( 50vw - 30px )\" \/><div class=\"post-action btn btn-skin-dark-shaded inverted\"><a href=\"https:\/\/www.aicw.it\/wp-content\/uploads\/2023\/10\/PHOTO-2023-09-19-08-10-14-9.jpg\" class=\"icn-expand\" data-lb-type=\"grouped-gallery\"><\/a><\/div>\r\n                        <\/div><\/figure><figure class='gallery-item col col-auto'>\r\n                        <div class='gallery-icon landscape czr-gallery-icon'>\r\n                              <a href=https:\/\/www.aicw.it\/index.php\/2023\/09\/19\/iv-tappa-campionato-italiano-giovanile-e-assoluto-slalom-fiv-aicw-centro-vela-sunset-calambrone-15-17-settembre-2023\/photo-2023-09-18-12-04-53-2\/ class=\"bg-link\"><\/a><img loading=\"lazy\" decoding=\"async\" width=\"150\" height=\"113\" src=\"https:\/\/www.aicw.it\/wp-content\/uploads\/2023\/10\/PHOTO-2023-09-18-12-04-53-2.jpg\" class=\"attachment-thumbnail size-thumbnail\" alt=\"\" sizes=\"auto, (min-width: 1200px) 255px, (min-width: 992px) 210px, (min-width: 768px) 150px, (min-width: 576px) 105px, calc( 50vw - 30px )\" \/><div class=\"post-action btn btn-skin-dark-shaded inverted\"><a href=\"https:\/\/www.aicw.it\/wp-content\/uploads\/2023\/10\/PHOTO-2023-09-18-12-04-53-2.jpg\" class=\"icn-expand\" data-lb-type=\"grouped-gallery\"><\/a><\/div>\r\n                        <\/div><\/figure>\r\n                  <\/div>\n\n<p><strong>Campionato Italiano Assoluto Slalom Pinna FIV\/AICW, classifica IV tappa:<\/strong><\/p>\n<p><strong>\u00a0<\/strong><\/p>\n<ol>\n<li>Alessandro Ristori, ITA 451, senior<\/li>\n<li>Christopher Frank, ITA 211, senior<\/li>\n<li>Milianelli Giulio, ITA 206, senior<\/li>\n<\/ol>\n<p>&nbsp;<\/p>\n<p><strong>Campionato Italiano Assoluto Slalom Foil FIV\/AICW, podio IV tappa:<\/strong><\/p>\n<p>&nbsp;<\/p>\n<ol>\n<li>Christopher Frank, ITA 211, senior<\/li>\n<li>Michele Laurenza, ITA 9114, Under 20<\/li>\n<li>Carmine Navarra, ITA 881, senior<\/li>\n<\/ol>\n<p>&nbsp;<\/p>\n<p><strong>Campionato Italiano Slalom Under 20 Pinna<\/strong>, <strong>podio IV tappa:<\/strong><\/p>\n<p><strong>\u00a0<\/strong><\/p>\n<ol>\n<li>Michele Laurenza, ITA 9114<\/li>\n<li>Matteo Righetti, ITA 885<\/li>\n<li>Gabriele Prosperi, ITA 278<\/li>\n<\/ol>\n<p>&nbsp;<\/p>\n<p>&nbsp;<\/p>\n<p><strong>Campionato Italiano Slalom Under 20 Foil<\/strong>, <strong>classifica IV tappa:<\/strong><\/p>\n<p><strong>\u00a0<\/strong><\/p>\n<ol>\n<li>Michele Laurenza, ITA 9114<\/li>\n<li>Matteo Righetti, ITA 885<\/li>\n<li>Gabriele Prosperi, ITA 278<\/li>\n<\/ol>\n<p>&nbsp;<\/p>\n<p>&nbsp;<\/p>\n<p>In campo femminile Elena de Fazi, ITA 747, \u00e8 in ottava posizione,.<\/p>\n<p>&nbsp;<\/p>\n<p><strong>Campionato Italiano Slalom Giovanile Pinna, classifica IV tappa:<\/strong><\/p>\n<p><strong>\u00a0<\/strong><\/p>\n<ol>\n<li>Gabriele Rosa, ITA 178, under 17<\/li>\n<li>Matteo Landi, ITA 7117, under 15<\/li>\n<li>Arturo Schinin\u00e0, ITA 818, under 15<\/li>\n<li>Francesco Maria Calamiello, ITA 146, under 17<\/li>\n<li>Paolo Lucchese, ITA 713, under 17<\/li>\n<li>Giovanni Landi, ITA 7116, under 17<\/li>\n<li>Ginevra Giunti, ITA 321, under 15<\/li>\n<li>Diana Vicari, ITA 932, under 17<\/li>\n<\/ol>\n<p>&nbsp;<\/p>\n<p><strong>Campionato Italiano Slalom Giovanile Foil, classifica IV tappa:<\/strong><\/p>\n<p><strong>\u00a0<\/strong><\/p>\n<ol>\n<li>Federico Calcaterra, ITA 819, under 17<\/li>\n<li>Leonardo Bertugelli, ITA 153, under 17<\/li>\n<li>Giovanni Landi, ITA 7116, under 17<\/li>\n<li>Arturo Schinin\u00e0, ITA 818, under 15<\/li>\n<li>Matteo Landi, ITA 7117, under 15<\/li>\n<li>Francesco Maria Calamiello, ITA 146, under 17<\/li>\n<li>Martina Focante, ITA 948, under 17<\/li>\n<li>Ginevra Giunti, ITA 321, under 15<\/li>\n<li>Diana Vicari, ITA 932, under 17<\/li>\n<li>Gabriele Rosa, ITA 178, under 17<\/li>\n<\/ol>\n<p>&nbsp;<\/p>\n<p>&nbsp;<\/p>\n<p>Per le classifiche complete dopo 4 tappe: http:\/\/www.aicw.it\/index.php\/classifiche-2023\/<\/p>\n<p>&nbsp;<\/p>\n<p>&nbsp;<\/p>\n","protected":false},"excerpt":{"rendered":"<p>Testo di Roberta Pala e Christopher Frank foto di Tommaso Landi &nbsp; Quarta e penultima tappa del Campionato Italiano Giovanile e Assoluto Slalom FIV\/AICW, tre giornate difficili dal punto di vista del meteo, nulla di fatto venerd\u00ec e condizioni altalenanti nella giornata di sabato, la domenica \u00e8 stata adatta al disputarsi delle sole prove foil, [&hellip;]<\/p>\n","protected":false},"author":2,"featured_media":16338,"comment_status":"closed","ping_status":"closed","sticky":false,"template":"","format":"standard","meta":{"footnotes":""},"categories":[5,4],"tags":[],"class_list":{"0":"post-16332","1":"post","2":"type-post","3":"status-publish","4":"format-standard","5":"has-post-thumbnail","7":"category-latest-news","8":"category-news","9":"czr-hentry"},"_links":{"self":[{"href":"https:\/\/www.aicw.it\/index.php\/wp-json\/wp\/v2\/posts\/16332","targetHints":{"allow":["GET"]}}],"collection":[{"href":"https:\/\/www.aicw.it\/index.php\/wp-json\/wp\/v2\/posts"}],"about":[{"href":"https:\/\/www.aicw.it\/index.php\/wp-json\/wp\/v2\/types\/post"}],"author":[{"embeddable":true,"href":"https:\/\/www.aicw.it\/index.php\/wp-json\/wp\/v2\/users\/2"}],"replies":[{"embeddable":true,"href":"https:\/\/www.aicw.it\/index.php\/wp-json\/wp\/v2\/comments?post=16332"}],"version-history":[{"count":1,"href":"https:\/\/www.aicw.it\/index.php\/wp-json\/wp\/v2\/posts\/16332\/revisions"}],"predecessor-version":[{"id":16346,"href":"https:\/\/www.aicw.it\/index.php\/wp-json\/wp\/v2\/posts\/16332\/revisions\/16346"}],"wp:featuredmedia":[{"embeddable":true,"href":"https:\/\/www.aicw.it\/index.php\/wp-json\/wp\/v2\/media\/16338"}],"wp:attachment":[{"href":"https:\/\/www.aicw.it\/index.php\/wp-json\/wp\/v2\/media?parent=16332"}],"wp:term":[{"taxonomy":"category","embeddable":true,"href":"https:\/\/www.aicw.it\/index.php\/wp-json\/wp\/v2\/categories?post=16332"},{"taxonomy":"post_tag","embeddable":true,"href":"https:\/\/www.aicw.it\/index.php\/wp-json\/wp\/v2\/tags?post=16332"}],"curies":[{"name":"wp","href":"https:\/\/api.w.org\/{rel}","templated":true}]}}