{"id":16223,"date":"2023-07-19T10:07:35","date_gmt":"2023-07-19T08:07:35","guid":{"rendered":"http:\/\/www.aicw.it\/?p=16223"},"modified":"2023-07-20T11:13:43","modified_gmt":"2023-07-20T09:13:43","slug":"intercontinental-cup-formula-windsurfing-2023-iii-tappa-coppa-italia-formula-windsurfing-pinna-e-foil-fiv-aicw-pino-tronzano-maccagno-lago-maggiore","status":"publish","type":"post","link":"https:\/\/www.aicw.it\/index.php\/2023\/07\/19\/intercontinental-cup-formula-windsurfing-2023-iii-tappa-coppa-italia-formula-windsurfing-pinna-e-foil-fiv-aicw-pino-tronzano-maccagno-lago-maggiore\/","title":{"rendered":"Intercontinental Cup Formula Windsurfing 2023  III TAPPA COPPA ITALIA FORMULA WINDSURFING PINNA E FOIL FIV\/AICW  Pino Tronzano-Maccagno Lago Maggiore"},"content":{"rendered":"<p><em>Si \u00e8 appena svolta la prima Intercontinental Cup di Formula Windsurfing disputata, estendendo a quattro, i giorni di regata gi\u00e0 previsti per la Coppa Italia 2023 Formula Windsurfing e Formula Foil, quindi regate programmate dal 13 al 16 Luglio in queste incantevoli localit\u00e0 site sulla costa nord est del Lago Maggiore.<\/em><\/p>\n<p>&nbsp;<\/p>\n<p>La partecipazione di quattro regatanti brasiliani e di uno spagnolo ha garantito il carattere internazionale della manifestazione, peccato per le assenze dell\u2019ultim\u2019ora di due portoghesi e almeno quattro iberici che avrebbero rimpolpato una flotta un po\u2019 scarna, ma di sicuro livello.<\/p>\n<p>Sei invece i partecipanti alle regate foil, una specialit\u00e0 che ancora non riesce ad avere i numeri che meriterebbe e che tutti speravamo raggiungesse, il calo dei partecipanti nel Formula, al momento non \u00e8 stato compensato dalla presenza di nuovi regatanti con il foil.<\/p>\n<p>&nbsp;<\/p>\n<p>Purtroppo, le particolari condizioni metereologiche di questi giorni, non hanno permesso alla macchina del vento del Lago Maggiore di funzionare, quindi, nonostante l\u2019impegno di organizzatori e atleti con sveglie mattutine al limite del buio, si \u00e8 riusciti a portare a termine una sola prova valida, con vento peraltro molto leggero nella giornata di sabato.<\/p>\n<p>Ad aggiudicarsela \u00e8 stato Francesco Leoni che, oltre ad una innegabile bravura, ha sfruttato al meglio la sua giovane et\u00e0 a discapito di noi vecchietti. Francesco \u00e8 stato l\u2019unico a terminare in planata l\u2019intero percorso, il calo del vento costringeva il resto della flotta a terminare la regata al galleggio. Sette su undici, quindi, sono stati gli atleti ad essere riusciti a terminare correttamente il percorso, per la cronaca chi vi scrive \u00e8 giunto secondo, terzo Leonardo Mulim, gigante buono brasiliano, seguito da Luciano Treggiari ed Alessandro Giovini.<\/p>\n<p>&nbsp;<\/p>\n<p>Nei foil, che necessita di un minimo di vento in meno, due prove disputate il sabato, e altre tre la domenica. Tutte vinte dall\u2019idolo locale Christopher Frank, secondo Gennari e terzo Navarra.<\/p>\n<p>&nbsp;<\/p>\n<p>Per i dotati di pinna, una partenza ed un bordo di bolina, poi l\u2019inesorabile gommone con bandiera November, decretava l\u2019annullamento della prova, prima che raggiungessi la cima del percorso. Quindi, classifica congelata all\u2019unica prova disputata.<\/p>\n<p>&nbsp;<\/p>\n<p>Essere cos\u00ec legato alle condizioni meteo \u00e8 il bello ed il brutto del nostro sport, cos\u00ec la mia delusione per aver disputato cos\u00ec poche regate, \u00e8 stata mitigata dalle dimostrazioni di tutti i partecipanti, anche quelli venuti dall\u2019altra parte del mondo, ugualmente contenti di aver trascorso delle giornate in allegria ed amicizia, in una cornice davvero con pochi rivali.<\/p>\n<p>&nbsp;<\/p>\n<p>D\u2019obbligo un ringraziamento al giudice Marco Osnaghi, coadiuvato in barca dal nostro amico Dario Mocchi, infortunato e quindi impossibilitato a partecipare, e sul gommone posa boe, Tiziano Airolo, altro atleta formula dei tempi migliori. Tutti hanno dato il massimo per trovare per farci divertire, ma Eolo, stavolta, non ci \u00e8 stato amico. Ricordo, tra l\u2019altro, che qui l\u2019acqua a centro lago raggiunge profondit\u00e0 anche di 250 metri, piazzare boe non \u00e8 certo una passeggiata\u2026<\/p>\n<p>Premiazione e rinfresco per tutti e invito da parte dei brasiliani a partecipare a fine Novembre a una fantastica regata in terra verde oro, io ci andr\u00f2 sicuramente!<\/p>\n<p>&nbsp;<\/p>\n<p>Andrea Volpini ITA251<\/p>\n<p>FORMULA ALIVE!<\/p>\n<p>FOTO CLARISSI GUIDI<\/p>\n<p>&nbsp;<\/p>\n<p><a href=\"http:\/\/www.aicw.it\/index.php\/classifiche-2023\/\"><strong>CLASSIFICA TERZA TAPPA COPPA ITALIA FORMULA WINDSURFING PINNA E FOIL<\/strong><\/a><\/p>\n<p><strong>\u00a0<\/strong><\/p>\n<p><strong>PINNA:<\/strong><\/p>\n<p><strong>\u00a0<\/strong><\/p>\n<ol>\n<li><strong>Francesco Leoni, ITA378, Senior<\/strong><\/li>\n<li><strong>Andrea Volpini, ITA251, GM<\/strong><\/li>\n<li><strong>Leonardo Mulim, BRA121, Master<\/strong><\/li>\n<li><strong>Luciano Treggiari, ITA5, Veteran<\/strong><\/li>\n<li><strong>Alessandro Giovini, ITA196, Veteran<\/strong><\/li>\n<li><strong>Massimo Abagnale, ITA3031, Master<\/strong><\/li>\n<li><strong>Carlos Isaac, BRA768, Veteran<\/strong><\/li>\n<li><strong>Oscar Pietrobelli, ITA103, Master<\/strong><\/li>\n<li><strong>Ricardo Conde, BRA8, Veteran<\/strong><\/li>\n<li><strong>Marcelo Lacerda, BRA10, Veteran<\/strong><\/li>\n<li><strong>Pedro Siquier, ESP314, Senior<\/strong><\/li>\n<\/ol>\n<p><strong>\u00a0<\/strong><\/p>\n<p><strong>\u00a0<\/strong><\/p>\n<p><strong>FOIL:<\/strong><\/p>\n<p>&nbsp;<\/p>\n<ol>\n<li><strong>Christopher Frank, ITA211, Senior<\/strong><\/li>\n<li><strong>Pierluigi Gennari, ITA131, GM<\/strong><\/li>\n<li><strong>Carmine Navarra, ITA881, Senior<\/strong><\/li>\n<li><strong>Andrea Colombo, SUI631, GM<\/strong><\/li>\n<li><strong>Carlo Lignola, ITA98, GM<\/strong><\/li>\n<li><strong>Alfio Maderna, ITA 2403, GM<\/strong><\/li>\n<\/ol>\n<p><strong>\u00a0<\/strong><\/p>\n<div id='gallery-1' class='czr-gallery row flex-row czr-gallery-style gallery galleryid-16223 gallery-columns-3 gallery-size-thumbnail'><figure class='gallery-item col col-auto'>\r\n                        <div class='gallery-icon landscape czr-gallery-icon'>\r\n                              <a href=https:\/\/www.aicw.it\/index.php\/2023\/07\/19\/intercontinental-cup-formula-windsurfing-2023-iii-tappa-coppa-italia-formula-windsurfing-pinna-e-foil-fiv-aicw-pino-tronzano-maccagno-lago-maggiore\/whatsapp-image-2023-07-19-at-20-14-42\/ class=\"bg-link\"><\/a><img loading=\"lazy\" decoding=\"async\" width=\"150\" height=\"150\" src=\"https:\/\/www.aicw.it\/wp-content\/uploads\/2023\/07\/WhatsApp-Image-2023-07-19-at-20.14.42-150x150.jpeg\" class=\"attachment-thumbnail size-thumbnail\" alt=\"\" sizes=\"auto, (min-width: 1200px) 350px, (min-width: 992px) 290px, (min-width: 768px) 210px, (min-width: 576px) 150px, calc( 50vw - 30px )\" aria-describedby=\"gallery-1-16242\" srcset=\"https:\/\/www.aicw.it\/wp-content\/uploads\/2023\/07\/WhatsApp-Image-2023-07-19-at-20.14.42-150x150.jpeg 150w, https:\/\/www.aicw.it\/wp-content\/uploads\/2023\/07\/WhatsApp-Image-2023-07-19-at-20.14.42-510x510.jpeg 510w\" \/><div class=\"post-action btn btn-skin-dark-shaded inverted\"><a href=\"https:\/\/www.aicw.it\/wp-content\/uploads\/2023\/07\/WhatsApp-Image-2023-07-19-at-20.14.42.jpeg\" class=\"icn-expand\" data-lb-type=\"grouped-gallery\" title=\"FOTO CLARISSA GUIDI\"><\/a><\/div>\r\n                        <\/div>\r\n                              <figcaption class='wp-caption-text gallery-caption' id='gallery-1-16242'>\r\n                              FOTO CLARISSA GUIDI\r\n                              <\/figcaption><\/figure><figure class='gallery-item col col-auto'>\r\n                        <div class='gallery-icon landscape czr-gallery-icon'>\r\n                              <a href=https:\/\/www.aicw.it\/index.php\/2023\/07\/19\/intercontinental-cup-formula-windsurfing-2023-iii-tappa-coppa-italia-formula-windsurfing-pinna-e-foil-fiv-aicw-pino-tronzano-maccagno-lago-maggiore\/whatsapp-image-2023-07-19-at-20-14-41-2\/ class=\"bg-link\"><\/a><img loading=\"lazy\" decoding=\"async\" width=\"150\" height=\"150\" src=\"https:\/\/www.aicw.it\/wp-content\/uploads\/2023\/07\/WhatsApp-Image-2023-07-19-at-20.14.41-1-150x150.jpeg\" class=\"attachment-thumbnail size-thumbnail\" alt=\"\" sizes=\"auto, (min-width: 1200px) 350px, (min-width: 992px) 290px, (min-width: 768px) 210px, (min-width: 576px) 150px, calc( 50vw - 30px )\" aria-describedby=\"gallery-1-16241\" srcset=\"https:\/\/www.aicw.it\/wp-content\/uploads\/2023\/07\/WhatsApp-Image-2023-07-19-at-20.14.41-1-150x150.jpeg 150w, https:\/\/www.aicw.it\/wp-content\/uploads\/2023\/07\/WhatsApp-Image-2023-07-19-at-20.14.41-1-510x510.jpeg 510w\" \/><div class=\"post-action btn btn-skin-dark-shaded inverted\"><a href=\"https:\/\/www.aicw.it\/wp-content\/uploads\/2023\/07\/WhatsApp-Image-2023-07-19-at-20.14.41-1.jpeg\" class=\"icn-expand\" data-lb-type=\"grouped-gallery\" title=\"FOTO CLARISSA GUIDI\"><\/a><\/div>\r\n                        <\/div>\r\n                              <figcaption class='wp-caption-text gallery-caption' id='gallery-1-16241'>\r\n                              FOTO CLARISSA GUIDI\r\n                              <\/figcaption><\/figure><figure class='gallery-item col col-auto'>\r\n                        <div class='gallery-icon landscape czr-gallery-icon'>\r\n                              <a href=https:\/\/www.aicw.it\/index.php\/2023\/07\/19\/intercontinental-cup-formula-windsurfing-2023-iii-tappa-coppa-italia-formula-windsurfing-pinna-e-foil-fiv-aicw-pino-tronzano-maccagno-lago-maggiore\/whatsapp-image-2023-07-19-at-20-14-41\/ class=\"bg-link\"><\/a><img loading=\"lazy\" decoding=\"async\" width=\"150\" height=\"150\" src=\"https:\/\/www.aicw.it\/wp-content\/uploads\/2023\/07\/WhatsApp-Image-2023-07-19-at-20.14.41-150x150.jpeg\" class=\"attachment-thumbnail size-thumbnail\" alt=\"\" sizes=\"auto, (min-width: 1200px) 350px, (min-width: 992px) 290px, (min-width: 768px) 210px, (min-width: 576px) 150px, calc( 50vw - 30px )\" aria-describedby=\"gallery-1-16240\" srcset=\"https:\/\/www.aicw.it\/wp-content\/uploads\/2023\/07\/WhatsApp-Image-2023-07-19-at-20.14.41-150x150.jpeg 150w, https:\/\/www.aicw.it\/wp-content\/uploads\/2023\/07\/WhatsApp-Image-2023-07-19-at-20.14.41-510x510.jpeg 510w\" \/><div class=\"post-action btn btn-skin-dark-shaded inverted\"><a href=\"https:\/\/www.aicw.it\/wp-content\/uploads\/2023\/07\/WhatsApp-Image-2023-07-19-at-20.14.41.jpeg\" class=\"icn-expand\" data-lb-type=\"grouped-gallery\" title=\"FOTO CLARISSA GUIDI\"><\/a><\/div>\r\n                        <\/div>\r\n                              <figcaption class='wp-caption-text gallery-caption' id='gallery-1-16240'>\r\n                              FOTO CLARISSA GUIDI\r\n                              <\/figcaption><\/figure><figure class='gallery-item col col-auto'>\r\n                        <div class='gallery-icon landscape czr-gallery-icon'>\r\n                              <a href=https:\/\/www.aicw.it\/index.php\/2023\/07\/19\/intercontinental-cup-formula-windsurfing-2023-iii-tappa-coppa-italia-formula-windsurfing-pinna-e-foil-fiv-aicw-pino-tronzano-maccagno-lago-maggiore\/whatsapp-image-2023-07-19-at-20-12-47\/ class=\"bg-link\"><\/a><img loading=\"lazy\" decoding=\"async\" width=\"150\" height=\"150\" src=\"https:\/\/www.aicw.it\/wp-content\/uploads\/2023\/07\/WhatsApp-Image-2023-07-19-at-20.12.47-150x150.jpeg\" class=\"attachment-thumbnail size-thumbnail\" alt=\"\" sizes=\"auto, (min-width: 1200px) 350px, (min-width: 992px) 290px, (min-width: 768px) 210px, (min-width: 576px) 150px, calc( 50vw - 30px )\" aria-describedby=\"gallery-1-16239\" srcset=\"https:\/\/www.aicw.it\/wp-content\/uploads\/2023\/07\/WhatsApp-Image-2023-07-19-at-20.12.47-150x150.jpeg 150w, https:\/\/www.aicw.it\/wp-content\/uploads\/2023\/07\/WhatsApp-Image-2023-07-19-at-20.12.47-510x510.jpeg 510w\" \/><div class=\"post-action btn btn-skin-dark-shaded inverted\"><a href=\"https:\/\/www.aicw.it\/wp-content\/uploads\/2023\/07\/WhatsApp-Image-2023-07-19-at-20.12.47.jpeg\" class=\"icn-expand\" data-lb-type=\"grouped-gallery\" title=\"FOTO CLARISSA GUIDI\"><\/a><\/div>\r\n                        <\/div>\r\n                              <figcaption class='wp-caption-text gallery-caption' id='gallery-1-16239'>\r\n                              FOTO CLARISSA GUIDI\r\n                              <\/figcaption><\/figure><figure class='gallery-item col col-auto'>\r\n                        <div class='gallery-icon landscape czr-gallery-icon'>\r\n                              <a href=https:\/\/www.aicw.it\/index.php\/2023\/07\/19\/intercontinental-cup-formula-windsurfing-2023-iii-tappa-coppa-italia-formula-windsurfing-pinna-e-foil-fiv-aicw-pino-tronzano-maccagno-lago-maggiore\/whatsapp-image-2023-07-19-at-20-12-47-1\/ class=\"bg-link\"><\/a><img loading=\"lazy\" decoding=\"async\" width=\"150\" height=\"150\" src=\"https:\/\/www.aicw.it\/wp-content\/uploads\/2023\/07\/WhatsApp-Image-2023-07-19-at-20.12.47-1-150x150.jpeg\" class=\"attachment-thumbnail size-thumbnail\" alt=\"\" sizes=\"auto, (min-width: 1200px) 350px, (min-width: 992px) 290px, (min-width: 768px) 210px, (min-width: 576px) 150px, calc( 50vw - 30px )\" aria-describedby=\"gallery-1-16238\" srcset=\"https:\/\/www.aicw.it\/wp-content\/uploads\/2023\/07\/WhatsApp-Image-2023-07-19-at-20.12.47-1-150x150.jpeg 150w, https:\/\/www.aicw.it\/wp-content\/uploads\/2023\/07\/WhatsApp-Image-2023-07-19-at-20.12.47-1-510x510.jpeg 510w\" \/><div class=\"post-action btn btn-skin-dark-shaded inverted\"><a href=\"https:\/\/www.aicw.it\/wp-content\/uploads\/2023\/07\/WhatsApp-Image-2023-07-19-at-20.12.47-1.jpeg\" class=\"icn-expand\" data-lb-type=\"grouped-gallery\" title=\"FOTO CLARISSA GUIDI\"><\/a><\/div>\r\n                        <\/div>\r\n                              <figcaption class='wp-caption-text gallery-caption' id='gallery-1-16238'>\r\n                              FOTO CLARISSA GUIDI\r\n                              <\/figcaption><\/figure><figure class='gallery-item col col-auto'>\r\n                        <div class='gallery-icon landscape czr-gallery-icon'>\r\n                              <a href=https:\/\/www.aicw.it\/index.php\/2023\/07\/19\/intercontinental-cup-formula-windsurfing-2023-iii-tappa-coppa-italia-formula-windsurfing-pinna-e-foil-fiv-aicw-pino-tronzano-maccagno-lago-maggiore\/whatsapp-image-2023-07-19-at-20-12-46\/ class=\"bg-link\"><\/a><img loading=\"lazy\" decoding=\"async\" width=\"150\" height=\"150\" src=\"https:\/\/www.aicw.it\/wp-content\/uploads\/2023\/07\/WhatsApp-Image-2023-07-19-at-20.12.46-150x150.jpeg\" class=\"attachment-thumbnail size-thumbnail\" alt=\"3 TAPPA COPPA ITALIA FW FIN E FOIL\" sizes=\"auto, (min-width: 1200px) 350px, (min-width: 992px) 290px, (min-width: 768px) 210px, (min-width: 576px) 150px, calc( 50vw - 30px )\" aria-describedby=\"gallery-1-16237\" srcset=\"https:\/\/www.aicw.it\/wp-content\/uploads\/2023\/07\/WhatsApp-Image-2023-07-19-at-20.12.46-150x150.jpeg 150w, https:\/\/www.aicw.it\/wp-content\/uploads\/2023\/07\/WhatsApp-Image-2023-07-19-at-20.12.46-510x510.jpeg 510w\" \/><div class=\"post-action btn btn-skin-dark-shaded inverted\"><a href=\"https:\/\/www.aicw.it\/wp-content\/uploads\/2023\/07\/WhatsApp-Image-2023-07-19-at-20.12.46.jpeg\" class=\"icn-expand\" data-lb-type=\"grouped-gallery\" title=\"FOTO CLARISSA GUIDI\"><\/a><\/div>\r\n                        <\/div>\r\n                              <figcaption class='wp-caption-text gallery-caption' id='gallery-1-16237'>\r\n                              FOTO CLARISSA GUIDI\r\n                              <\/figcaption><\/figure>\r\n                  <\/div>\n\n","protected":false},"excerpt":{"rendered":"<p>Si \u00e8 appena svolta la prima Intercontinental Cup di Formula Windsurfing disputata, estendendo a quattro, i giorni di regata gi\u00e0 previsti per la Coppa Italia 2023 Formula Windsurfing e Formula Foil, quindi regate programmate dal 13 al 16 Luglio in queste incantevoli localit\u00e0 site sulla costa nord est del Lago Maggiore. &nbsp; La partecipazione di [&hellip;]<\/p>\n","protected":false},"author":2,"featured_media":16237,"comment_status":"closed","ping_status":"closed","sticky":false,"template":"","format":"standard","meta":{"footnotes":""},"categories":[5,4],"tags":[],"class_list":{"0":"post-16223","1":"post","2":"type-post","3":"status-publish","4":"format-standard","5":"has-post-thumbnail","7":"category-latest-news","8":"category-news","9":"czr-hentry"},"_links":{"self":[{"href":"https:\/\/www.aicw.it\/index.php\/wp-json\/wp\/v2\/posts\/16223","targetHints":{"allow":["GET"]}}],"collection":[{"href":"https:\/\/www.aicw.it\/index.php\/wp-json\/wp\/v2\/posts"}],"about":[{"href":"https:\/\/www.aicw.it\/index.php\/wp-json\/wp\/v2\/types\/post"}],"author":[{"embeddable":true,"href":"https:\/\/www.aicw.it\/index.php\/wp-json\/wp\/v2\/users\/2"}],"replies":[{"embeddable":true,"href":"https:\/\/www.aicw.it\/index.php\/wp-json\/wp\/v2\/comments?post=16223"}],"version-history":[{"count":6,"href":"https:\/\/www.aicw.it\/index.php\/wp-json\/wp\/v2\/posts\/16223\/revisions"}],"predecessor-version":[{"id":16244,"href":"https:\/\/www.aicw.it\/index.php\/wp-json\/wp\/v2\/posts\/16223\/revisions\/16244"}],"wp:featuredmedia":[{"embeddable":true,"href":"https:\/\/www.aicw.it\/index.php\/wp-json\/wp\/v2\/media\/16237"}],"wp:attachment":[{"href":"https:\/\/www.aicw.it\/index.php\/wp-json\/wp\/v2\/media?parent=16223"}],"wp:term":[{"taxonomy":"category","embeddable":true,"href":"https:\/\/www.aicw.it\/index.php\/wp-json\/wp\/v2\/categories?post=16223"},{"taxonomy":"post_tag","embeddable":true,"href":"https:\/\/www.aicw.it\/index.php\/wp-json\/wp\/v2\/tags?post=16223"}],"curies":[{"name":"wp","href":"https:\/\/api.w.org\/{rel}","templated":true}]}}