{"id":15879,"date":"2023-06-01T14:02:27","date_gmt":"2023-06-01T12:02:27","guid":{"rendered":"http:\/\/www.aicw.it\/?p=15879"},"modified":"2023-06-01T21:10:32","modified_gmt":"2023-06-01T19:10:32","slug":"ii-tappa-campionato-italiano-giovanile-e-assoluto-fiv-aicw-26-28-maggio-2023-windsurf-club-messina","status":"publish","type":"post","link":"https:\/\/www.aicw.it\/index.php\/2023\/06\/01\/ii-tappa-campionato-italiano-giovanile-e-assoluto-fiv-aicw-26-28-maggio-2023-windsurf-club-messina\/","title":{"rendered":"II Tappa Campionato Italiano Giovanile e Assoluto Slalom Fiv\/Aicw 26-28 Maggio 2023 &#8211; Windsurf Club Messina"},"content":{"rendered":"<p>Nel week end appena trascorso, nelle acque dello Stretto, a Nord di Messina, ospiti del circolo Windsurf Club Messina, si \u00e8 tenuta la seconda tappa del Campionato Italiano Slalom giovanile e assoluto AICW, Foil e Fin, un fine settimana, in cui le condizioni non molto favorevoli del venerd\u00ec e del sabato, hanno fatto temere per l\u2019esito della tappa, vento davvero leggero per il venerd\u00ec, una sola regata Foil disputata il sabato, in condizioni marginali e con problemi di posizionamento boe percorso, e quattro regate Foil e una Fin, disputate la domenica.<\/p>\n<p>&nbsp;<\/p>\n<p>Il Windsurf Club Messina, un\u2019istituzione dello Stretto, ha accolto una cinquantina di iscritti alla seconda tappa del Campionato Italiano Giovanile e Assoluto FIV\/AICW, una location sicuramente suggestiva che ha fatto da cornice a tre giornate in cui i venti, da Grecale termico e Scirocco, tipici di questa zona, hanno lasciato spazio a correnti da NNW, pi\u00f9 incostanti, consentendo comunque lo svolgersi di cinque prove Foil e dell\u2019unica Fin disputata.<\/p>\n<p>Circa una trentina i giovani e giovanissimi in gara, un segnale concreto di uno sport in crescita. Sicuramente, l\u2019avvento del foil, con la possibilit\u00e0 di planare con minor vento, le sue velocit\u00e0 e l\u2019introduzione della disciplina nel panorama Olimpico, ha stimolato sempre pi\u00f9 giovani ad avvicinarsi al mondo windsurf.<\/p>\n<p>La seconda tappa era prevista su tre giornate, dal venerd\u00ec al sabato, come gi\u00e0 accennato, le condizioni meteo non sono state quelle consuete e si \u00e8 dovuto aspettare la domenica per riuscire a regatare tutta la giornata, portando a termine quattro prove per ogni categoria Foil e una per ogni categoria Fin. Problemi di posizionamento del campo il venerd\u00ec e il sabato, hanno invece condizionato le prime due giornate di regate, con malumori serpeggianti tra gli atleti, una sola la prova convalidata, non senza problemi, e con un gran numero di DNF, nella giornata di sabato.<\/p>\n<p>Grande, in ogni caso, l\u2019entusiasmo, soprattutto dei giovanissimi, pronti a confrontarsi con i pi\u00f9 esperti per migliorare regata dopo regata.<\/p>\n<p>Ed \u00e8 proprio ai pi\u00f9 giovani che abbiamo chiesto un parere su questa esperienza, un piccolo bilancio della loro gara, con un occhio gi\u00e0 al futuro prossimo, la partecipazione, per molti di loro, alle regate del Campionato del Mondo IFCA Juniores, in programma a Calasetta la prossima settimana e la terza tappa del Campionato Italiano Slalom Fin &amp; Foil FIV\/AICW a Talamone presso il TWKC dal 30 Giugno al 2 Luglio.<\/p>\n<p>&nbsp;<\/p>\n<p><strong>Campionato Italiano Assoluto Slalom Pinna FIV\/AICW, podio provvisorio dopo due tappe:<\/strong><\/p>\n<ol>\n<li>Massimiliano Brunetti, ITA 95, master<\/li>\n<li>Matteo Righetti, ITA 885, Under 20<\/li>\n<li>Giulio Millanelli, ITA 206, senior<\/li>\n<\/ol>\n<p>&nbsp;<\/p>\n<p><strong>Campionato Italiano Assoluto Slalom Foil FIV\/AICW, podio provvisorio dopo due tappe:<\/strong><\/p>\n<ol>\n<li>Alessandro Ristori, ITA 451, senior<\/li>\n<li>Giulio Millanelli, ITA 206, senior<\/li>\n<li>Carmine Navarra, ITA 881, senior<\/li>\n<\/ol>\n<p>&nbsp;<\/p>\n<p><strong>Campionato Italiano Slalom Under 20 Pinna<\/strong>, <strong>podio provvisorio dopo due tappe:<\/strong><\/p>\n<ol>\n<li>Michele Laurenza, ITA 9114<\/li>\n<li>Matteo Righetti, ITA 885<\/li>\n<li>Gabriele Prosperi, ITA 278<\/li>\n<\/ol>\n<p>In campo femminile Elena de Fazi, ITA 747, \u00e8 in undicesima posizione nella classifica generale under 20.<\/p>\n<p>&nbsp;<\/p>\n<p><strong>Campionato Italiano Slalom Under 20 Foil<\/strong>, <strong>podio provvisorio dopo due tappe:<\/strong><\/p>\n<ol>\n<li>Michele Laurenza, ITA 9114<\/li>\n<li>Gabriele Prosperi, ITA 278<\/li>\n<li>Roberto Ferrari, ITA 407<\/li>\n<\/ol>\n<p>In campo femminile Elena de Fazi, ITA 747, \u00e8 in ottava posizione nella classifica generale under 20.<\/p>\n<p>&nbsp;<\/p>\n<p><strong>Campionato Italiano Slalom Giovanile Pinna Under 17<\/strong>, <strong>podio provvisorio dopo due tappe:<\/strong><\/p>\n<ol>\n<li>Matteo della Fiorentina, ITA 315<\/li>\n<li>Davide Arena, ITA 122 &#8211; Giovanni Landi, ITA 7116<\/li>\n<li>Diana Vicari, ITA 820<\/li>\n<\/ol>\n<p><strong>Campionato Italiano Slalom Giovanile Foil Under 17<\/strong>, <strong>podio provvisorio dopo due tappe:<\/strong><\/p>\n<ol>\n<li>Federico Calcaterra, ITA 819<\/li>\n<li>Leonardo Bertugelli, ITA 153<\/li>\n<li>Gabriele Rosa, ITA 178<\/li>\n<\/ol>\n<p>In campo femminile Martina Focante, ITA 948, \u00e8 in sesta posizione nella classifica generale under 17.<\/p>\n<p>&nbsp;<\/p>\n<p><strong>Campionato Italiano Slalom Giovanile Pinna Under 15<\/strong>, <strong>podio provvisorio dopo due tappe:<\/strong><\/p>\n<ol>\n<li>Michele Bonsanto, ITA 2811 &#8211; Arturo Schinin\u00e0, ITA 818 &#8211; Matteo Landi, ITA 7117<\/li>\n<li>Ginevra Giunti, ITA 321<\/li>\n<\/ol>\n<p>&nbsp;<\/p>\n<p><strong>Campionato Italiano Slalom Giovanile Foil Under 15<\/strong>, <strong>podio provvisorio dopo due tappe:<\/strong><\/p>\n<ol>\n<li>Arturo Schinin\u00e0, ITA 818 &#8211; Matteo Landi, ITA 7117<\/li>\n<li>Ginevra Giunti, ITA 321<\/li>\n<li>Michele Bonsanto, ITA 2811<\/li>\n<\/ol>\n<p>&nbsp;<\/p>\n<p>Per le classifiche complete: http:\/\/www.aicw.it\/index.php\/classifiche-2023\/<\/p>\n<p>&nbsp;<\/p>\n<p><em><strong>Ginevra Giunti, ITA 321, under 15<\/strong><\/em><\/p>\n<p>\u201cSono tanto contenta di essere venuta alla seconda tappa del campionato italiano slalom giovanile fin e foil. Ho 13 anni da poco e ho iniziato questa classe, e il foil, solo quest\u2019anno, per cui sono la meno esperta di tutti e quello che mi piace qui \u00e8 che, regata dopo regata, riesco ad apprezzare i miglioramenti, imparando dai pi\u00f9 grandi e dalla loro esperienza. Messina e lo stretto sono bellissimi, anche se le condizioni meteo non ci hanno aiutato a portare a casa molte regate. Alla fine solo quattro prove foil domenica e nessuna fin per me, ma comunque soddisfatta per essere riuscita a tenere il passo dei pi\u00f9 esperti. Grazie Windsurf Club Messina per l\u2019accoglienza! Ci vediamo sicuramente alla tappa di Talamone, nella speranza che si aggiungano tante ragazze a questo bellissimo circuito perch\u00e9 la classifica del femminile \u00e8 ancora troppo corta ed \u00e8 un peccato, perch\u00e9 il divertimento \u00e8 tanto!\u201d<\/p>\n<p>&nbsp;<\/p>\n<p><em><strong>Matteo Righetti, ITA 885, under 20<\/strong><\/em><\/p>\n<p>\u201cIl weekend di gare comincia con uno skipper meeting alle 12:00 di venerd\u00ec, dove \u00e8 stato spiegato come il comitato di regata avrebbe voluto affrontare la giornata per sfruttare al meglio le ore \u201cventose\u201d. Siamo stati chiamati subito in acqua con i foil per provare a regatare, nonostante il vento fosse molto debole e rafficato, purtroppo non siamo riusciti a portare a termine neanche una prova in giornata a causa della corrente e dei buchi di vento che non permettevano il regolare svolgimento delle regate, nelle quali ero anche riuscito a partire bene in testa al gruppo.<\/p>\n<p>Nel giorno seguente la situazione \u00e8 rimasta pressoch\u00e9 analoga se non per due prove, una per categoria, date valide dal comitato, nonostante i buchi di vento e i cambi di direzione, che hanno reso il percorso slalom traverso\/lasco, un percorso di bolina mura a dritta e di poppa mura a sinistra.<\/p>\n<p>La mattina dell\u2019ultima giornata, stranamente, non c\u2019\u00e8 stato nessuno skipper meeting, ma solamente un avviso di partenza alle 11:00. Questa volta, a differenza dei giorni precedenti, il \u00a0vento da N-NO ci ha permesso di svolgere quattro prove foil in tutte le categorie e tre prove pinna (una per categoria, ndr).<\/p>\n<p>Riguardo la mia gara, sulla pinna, a parte un buco di vento in partenza nella prova U20 e una busta di plastica all\u2019ultima boa dell\u2019assoluto, sono pienamente soddisfatto del passo e del trim che sono riuscito a portare in gara, ma riguardo ai risultati agonistici non sono stato del tutto brillante, soprattutto nella disciplina del foil dove, per un motivo o per un altro, mi sono sempre trovato a inseguire, commettendo qualche errore di troppo. Torno a Roma con una maggior consapevolezza delle mie capacit\u00e0 e dei punti su cui devo lavorare per essere io l\u2019atleta da inseguire\u2026\u201d<\/p>\n<p>&nbsp;<\/p>\n<p><em><strong>Michele Laurenza, ITA 9114, Under 20<\/strong><\/em><\/p>\n<p>\u201cSi \u00e8 appena svolta la seconda tappa del campionato italiano giovanile e assoluto slalom fin e foil a Messina. La Sicilia ci regala come sempre delle fantastiche condizioni per regatare, sole, vento e acqua piatta. Il primo giorno la direzione del vento non era costante, quindi il comitato ha deciso di mettere il campo di regata con due boe, un percorso a otto con tre strambate, ma non sono stati in grado di dare nemmeno una partenza, sprecando cosi l\u2019intera giornata. Il secondo giorno la direzione e l\u2019intensit\u00e0 del vento sembrava essere molto meglio, con un picco massimo di 15 nodi. Alle 13.30 ci hanno chiamato in acqua con la speranza di regatare, questa volta con un campo down wind composto da quattro strambate, ma purtroppo il comitato di regata non \u00e8 stato in grado di mettere le boe nella posizione corretta, dopo un\u2019attesa di cinque ore in acqua hanno dato la prima partenza agli under 20 e agli assoluti, io ho partecipato ad entrambe, concludendo nella prima posizione.<\/p>\n<p>L\u2019ultimo giorno i giudici hanno provato a recuperare il tempo perso nei\u00a0 giorni precedenti, facendosi trovare con il campo montato correttamente, gi\u00e0 dalla mattina, siamo usciti alle 12.00 con un vento dai 10 ai 13 nodi che ha tenuto per tutto il giorno facendoci concludere quattro prove in foil, sia per l\u2019under 20 sia per l\u2019assoluto, concludendo, in entrambe le categorie, alla prima posizione. Avendo raggiunto le prove massime giornaliere in foil, il comitato di regata ha deciso di chiamarci in acqua in pinna, con un vento secondo me troppo debole per la disciplina, ma nonostante ci\u00f2 ci hanno fatto fare una prova per categoria, nell\u2019assoluto, purtroppo, non sono riuscito a fare un buon piazzamento per via del vento debole, mentre nella classifica giovanile sono riuscito a piazzarmi nella prima posizione.<\/p>\n<p>In generale, concludo l\u2019evento soddisfatto delle mie prestazioni e dei piazzamenti ottenuti, era da molto tempo che non mi sentivo cosi in forma e confidente con la mia attrezzatura! Ringrazio il circolo Windsurf Club Messina per l\u2019ospitalit\u00e0 e per la splendida organizzazione, ora continuer\u00f2 con i duri allenamenti per arrivare ancora pi\u00f9 performante al campionato mondiale di slalom fin che si terr\u00e0 in Sardegna tra pochi giorni.\u201d<\/p>\n<p>&nbsp;<\/p>\n<p>&nbsp;<\/p>\n<p><strong><em>Matteo Della Fiorentina, ITA 315, under 1<\/em>7<\/strong><\/p>\n<p>\u201cLa regata \u00e9 stata organizzata molto bene dal circolo e sono stati tutti molto ospitali, la giuria invece ha avuto non poche difficolt\u00e0 a gestire la regatra, boe sempre posizionate male e rispetto del regolamento al limite. Io, purtroppo, sono stato sfortunato a causa di un problema con il foil il giorno prima della gara, e non ho potuto partecipare alle prove foil, che hanno salvato la regata, visto il vento molto leggero, l\u2019unica prova pinna che abbiamo svolto l\u2019ho conclusa con il primo posto, mi ritengo soddisfatto, ma alla prossima tappa del campionato sar\u00f2 operativo anche in foil, speriamo in belle condizioni!\u201d<\/p>\n<p>&nbsp;<\/p>\n<p><em><strong>Michele Bonsanto, ITA 2811, under 15<\/strong><\/em><\/p>\n<p>\u201cSi \u00e8 appena conclusa la II\u00b0 tappa del campionato Italiano fin e foil a Messina, \u00e8 stata una bella tappa anche se il vento, i primi due giorni, ci ha penalizzato. Nell&#8217;ultima giornata si \u00e8 iniziato con il foil aspettando che il vento aumentasse, tutto il tabellone foil \u00e8 stato concluso, io ho aspettato che iniziassero le regate pinna perch\u00e9 nel foil non partecipo.<\/p>\n<p>Nella pinna, invece, \u00e8 stata fatta una sola regata, nella quale mi sono posizionato 1\u00b0 negli U15. \u00c8 stata una bella tappa, qualche problema per l&#8217;organizzazione tecnica, soprattutto sul posizionamento del campo di regata, per questo motivo si \u00e8 creata un po\u2019 di\u00a0confusione e malcontento dei regatanti che hanno discusso a lungo su questo punto. Alla fine il risultato pinna l&#8217;ho portato a casa, adesso tutta la concentrazione \u00e8 al massimo, in vista del\u00a0 mondiale IFCA JUNIOR a Calasetta e per le altre tappe del campionato Italiano.\u201d<\/p>\n<p>&nbsp;<\/p>\n<p><em><strong>Max Brunetti, ITA 95, master e consigliere AICW<\/strong><\/em>:<\/p>\n<p>\u201cL\u2019organizzazione della gara \u00e8 stata buona, il circolo si \u00e8 mostrato attento alle esigenze degli atleti, si sono notate tante piccole attenzioni, non scontate, acqua, pasta, tappeto per le attrezzature, ombra per le stesse, sono dettagli che non sfuggono, soprattutto a chi, come me, fa tante regate durante l\u2019anno, e sono cose, sinceramente, molto apprezzate.<\/p>\n<p>Altro punto positivo, sicuramente, \u00e8 stato quello della presenza di molti giovani in gara, molti di pi\u00f9 rispetto allo scorso anno, un obiettivo importante che\u00a0 speravamo di raggiungere quest\u2019anno.<\/p>\n<p>Spot buono, ha lavorato discretamente, nonostante non fossero le sue condizioni, dandoci vento un paio di ore al giorno, per due giorni su tre. Un peccato la gestione della parte tecnica della regata, qualche scelta ha creato malumori il sabato, con una regata foil disputata e convalidata, nonostante grossi errori nel posizionamento delle boe.<\/p>\n<p>Se dovessi dare dei voti, direi tra il 7 e l\u20198 per il circolo organizzatore e un 5 alla parte tecnica in acqua. Come AICW ci impegneremo per poter organizzare dei corsi formativi, in sinergia con la FIV, per creare figure di Giudici competenti per le nostre discipline.\u201d<\/p>\n<p>UFFICIO STAMPA AICW- ROBERTA PALA<\/p>\n<p><em>Testo di Ginevra Giunti, Matteo Righetti, Michele Laurenza, Matteo Della Fiorentina, Michele Bonsanto, Max Brunetti, Roberta Pala<\/em><\/p>\n<p><em>foto di Bruna Ferracane per Michele Laurenza, \u00a0Nicoletta Losi e Courtesy Windsurf Club Messin<\/em>a<\/p>\n<div id='gallery-1' class='czr-gallery row flex-row czr-gallery-style gallery galleryid-15879 gallery-columns-4 gallery-size-thumbnail'><figure class='gallery-item col col-auto'>\r\n                        <div class='gallery-icon landscape czr-gallery-icon'>\r\n                              <a href=https:\/\/www.aicw.it\/index.php\/2023\/06\/01\/ii-tappa-campionato-italiano-giovanile-e-assoluto-fiv-aicw-26-28-maggio-2023-windsurf-club-messina\/photo-2023-05-29-19-34-55\/ class=\"bg-link\"><\/a><img loading=\"lazy\" decoding=\"async\" width=\"150\" height=\"150\" src=\"https:\/\/www.aicw.it\/wp-content\/uploads\/2023\/06\/PHOTO-2023-05-29-19-34-55-150x150.jpg\" class=\"attachment-thumbnail size-thumbnail\" alt=\"\" sizes=\"auto, (min-width: 1200px) 255px, (min-width: 992px) 210px, (min-width: 768px) 150px, (min-width: 576px) 105px, calc( 50vw - 30px )\" srcset=\"https:\/\/www.aicw.it\/wp-content\/uploads\/2023\/06\/PHOTO-2023-05-29-19-34-55-150x150.jpg 150w, https:\/\/www.aicw.it\/wp-content\/uploads\/2023\/06\/PHOTO-2023-05-29-19-34-55-300x300.jpg 300w, https:\/\/www.aicw.it\/wp-content\/uploads\/2023\/06\/PHOTO-2023-05-29-19-34-55-1024x1024.jpg 1024w, https:\/\/www.aicw.it\/wp-content\/uploads\/2023\/06\/PHOTO-2023-05-29-19-34-55-768x768.jpg 768w, https:\/\/www.aicw.it\/wp-content\/uploads\/2023\/06\/PHOTO-2023-05-29-19-34-55-1536x1536.jpg 1536w, https:\/\/www.aicw.it\/wp-content\/uploads\/2023\/06\/PHOTO-2023-05-29-19-34-55-510x510.jpg 510w, https:\/\/www.aicw.it\/wp-content\/uploads\/2023\/06\/PHOTO-2023-05-29-19-34-55-1320x1320.jpg 1320w, https:\/\/www.aicw.it\/wp-content\/uploads\/2023\/06\/PHOTO-2023-05-29-19-34-55.jpg 1832w\" \/><div class=\"post-action btn btn-skin-dark-shaded inverted\"><a href=\"https:\/\/www.aicw.it\/wp-content\/uploads\/2023\/06\/PHOTO-2023-05-29-19-34-55.jpg\" class=\"icn-expand\" data-lb-type=\"grouped-gallery\"><\/a><\/div>\r\n                        <\/div><\/figure><figure class='gallery-item col col-auto'>\r\n                        <div class='gallery-icon landscape czr-gallery-icon'>\r\n                              <a href=https:\/\/www.aicw.it\/index.php\/2023\/06\/01\/ii-tappa-campionato-italiano-giovanile-e-assoluto-fiv-aicw-26-28-maggio-2023-windsurf-club-messina\/photo-2023-05-29-19-34-55-6\/ class=\"bg-link\"><\/a><img loading=\"lazy\" decoding=\"async\" width=\"150\" height=\"150\" src=\"https:\/\/www.aicw.it\/wp-content\/uploads\/2023\/06\/PHOTO-2023-05-29-19-34-55-6-150x150.jpg\" class=\"attachment-thumbnail size-thumbnail\" alt=\"\" sizes=\"auto, (min-width: 1200px) 255px, (min-width: 992px) 210px, (min-width: 768px) 150px, (min-width: 576px) 105px, calc( 50vw - 30px )\" srcset=\"https:\/\/www.aicw.it\/wp-content\/uploads\/2023\/06\/PHOTO-2023-05-29-19-34-55-6-150x150.jpg 150w, https:\/\/www.aicw.it\/wp-content\/uploads\/2023\/06\/PHOTO-2023-05-29-19-34-55-6-510x510.jpg 510w\" \/><div class=\"post-action btn btn-skin-dark-shaded inverted\"><a href=\"https:\/\/www.aicw.it\/wp-content\/uploads\/2023\/06\/PHOTO-2023-05-29-19-34-55-6.jpg\" class=\"icn-expand\" data-lb-type=\"grouped-gallery\"><\/a><\/div>\r\n                        <\/div><\/figure><figure class='gallery-item col col-auto'>\r\n                        <div class='gallery-icon landscape czr-gallery-icon'>\r\n                              <a href=https:\/\/www.aicw.it\/index.php\/2023\/06\/01\/ii-tappa-campionato-italiano-giovanile-e-assoluto-fiv-aicw-26-28-maggio-2023-windsurf-club-messina\/photo-2023-05-29-19-34-55-5\/ class=\"bg-link\"><\/a><img loading=\"lazy\" decoding=\"async\" width=\"150\" height=\"150\" src=\"https:\/\/www.aicw.it\/wp-content\/uploads\/2023\/06\/PHOTO-2023-05-29-19-34-55-5-150x150.jpg\" class=\"attachment-thumbnail size-thumbnail\" alt=\"\" sizes=\"auto, (min-width: 1200px) 255px, (min-width: 992px) 210px, (min-width: 768px) 150px, (min-width: 576px) 105px, calc( 50vw - 30px )\" srcset=\"https:\/\/www.aicw.it\/wp-content\/uploads\/2023\/06\/PHOTO-2023-05-29-19-34-55-5-150x150.jpg 150w, https:\/\/www.aicw.it\/wp-content\/uploads\/2023\/06\/PHOTO-2023-05-29-19-34-55-5-510x510.jpg 510w\" \/><div class=\"post-action btn btn-skin-dark-shaded inverted\"><a href=\"https:\/\/www.aicw.it\/wp-content\/uploads\/2023\/06\/PHOTO-2023-05-29-19-34-55-5.jpg\" class=\"icn-expand\" data-lb-type=\"grouped-gallery\"><\/a><\/div>\r\n                        <\/div><\/figure><figure class='gallery-item col col-auto'>\r\n                        <div class='gallery-icon landscape czr-gallery-icon'>\r\n                              <a href=https:\/\/www.aicw.it\/index.php\/2023\/06\/01\/ii-tappa-campionato-italiano-giovanile-e-assoluto-fiv-aicw-26-28-maggio-2023-windsurf-club-messina\/photo-2023-05-29-19-34-55-4\/ class=\"bg-link\"><\/a><img loading=\"lazy\" decoding=\"async\" width=\"150\" height=\"150\" src=\"https:\/\/www.aicw.it\/wp-content\/uploads\/2023\/06\/PHOTO-2023-05-29-19-34-55-4-150x150.jpg\" class=\"attachment-thumbnail size-thumbnail\" alt=\"\" sizes=\"auto, (min-width: 1200px) 255px, (min-width: 992px) 210px, (min-width: 768px) 150px, (min-width: 576px) 105px, calc( 50vw - 30px )\" srcset=\"https:\/\/www.aicw.it\/wp-content\/uploads\/2023\/06\/PHOTO-2023-05-29-19-34-55-4-150x150.jpg 150w, https:\/\/www.aicw.it\/wp-content\/uploads\/2023\/06\/PHOTO-2023-05-29-19-34-55-4-300x300.jpg 300w, https:\/\/www.aicw.it\/wp-content\/uploads\/2023\/06\/PHOTO-2023-05-29-19-34-55-4-1024x1024.jpg 1024w, https:\/\/www.aicw.it\/wp-content\/uploads\/2023\/06\/PHOTO-2023-05-29-19-34-55-4-768x768.jpg 768w, https:\/\/www.aicw.it\/wp-content\/uploads\/2023\/06\/PHOTO-2023-05-29-19-34-55-4-1536x1536.jpg 1536w, https:\/\/www.aicw.it\/wp-content\/uploads\/2023\/06\/PHOTO-2023-05-29-19-34-55-4-510x510.jpg 510w, https:\/\/www.aicw.it\/wp-content\/uploads\/2023\/06\/PHOTO-2023-05-29-19-34-55-4-1320x1320.jpg 1320w, https:\/\/www.aicw.it\/wp-content\/uploads\/2023\/06\/PHOTO-2023-05-29-19-34-55-4.jpg 1832w\" \/><div class=\"post-action btn btn-skin-dark-shaded inverted\"><a href=\"https:\/\/www.aicw.it\/wp-content\/uploads\/2023\/06\/PHOTO-2023-05-29-19-34-55-4.jpg\" class=\"icn-expand\" data-lb-type=\"grouped-gallery\"><\/a><\/div>\r\n                        <\/div><\/figure><figure class='gallery-item col col-auto'>\r\n                        <div class='gallery-icon landscape czr-gallery-icon'>\r\n                              <a href=https:\/\/www.aicw.it\/index.php\/2023\/06\/01\/ii-tappa-campionato-italiano-giovanile-e-assoluto-fiv-aicw-26-28-maggio-2023-windsurf-club-messina\/photo-2023-05-29-19-34-55-3\/ class=\"bg-link\"><\/a><img loading=\"lazy\" decoding=\"async\" width=\"150\" height=\"150\" src=\"https:\/\/www.aicw.it\/wp-content\/uploads\/2023\/06\/PHOTO-2023-05-29-19-34-55-3-150x150.jpg\" class=\"attachment-thumbnail size-thumbnail\" alt=\"\" sizes=\"auto, (min-width: 1200px) 255px, (min-width: 992px) 210px, (min-width: 768px) 150px, (min-width: 576px) 105px, calc( 50vw - 30px )\" srcset=\"https:\/\/www.aicw.it\/wp-content\/uploads\/2023\/06\/PHOTO-2023-05-29-19-34-55-3-150x150.jpg 150w, https:\/\/www.aicw.it\/wp-content\/uploads\/2023\/06\/PHOTO-2023-05-29-19-34-55-3-510x510.jpg 510w\" \/><div class=\"post-action btn btn-skin-dark-shaded inverted\"><a href=\"https:\/\/www.aicw.it\/wp-content\/uploads\/2023\/06\/PHOTO-2023-05-29-19-34-55-3.jpg\" class=\"icn-expand\" data-lb-type=\"grouped-gallery\"><\/a><\/div>\r\n                        <\/div><\/figure><figure class='gallery-item col col-auto'>\r\n                        <div class='gallery-icon landscape czr-gallery-icon'>\r\n                              <a href=https:\/\/www.aicw.it\/index.php\/2023\/06\/01\/ii-tappa-campionato-italiano-giovanile-e-assoluto-fiv-aicw-26-28-maggio-2023-windsurf-club-messina\/photo-2023-05-29-19-34-55-2\/ class=\"bg-link\"><\/a><img loading=\"lazy\" decoding=\"async\" width=\"150\" height=\"150\" src=\"https:\/\/www.aicw.it\/wp-content\/uploads\/2023\/06\/PHOTO-2023-05-29-19-34-55-2-150x150.jpg\" class=\"attachment-thumbnail size-thumbnail\" alt=\"\" sizes=\"auto, (min-width: 1200px) 255px, (min-width: 992px) 210px, (min-width: 768px) 150px, (min-width: 576px) 105px, calc( 50vw - 30px )\" srcset=\"https:\/\/www.aicw.it\/wp-content\/uploads\/2023\/06\/PHOTO-2023-05-29-19-34-55-2-150x150.jpg 150w, https:\/\/www.aicw.it\/wp-content\/uploads\/2023\/06\/PHOTO-2023-05-29-19-34-55-2-300x300.jpg 300w, https:\/\/www.aicw.it\/wp-content\/uploads\/2023\/06\/PHOTO-2023-05-29-19-34-55-2-1024x1024.jpg 1024w, https:\/\/www.aicw.it\/wp-content\/uploads\/2023\/06\/PHOTO-2023-05-29-19-34-55-2-768x768.jpg 768w, https:\/\/www.aicw.it\/wp-content\/uploads\/2023\/06\/PHOTO-2023-05-29-19-34-55-2-1536x1536.jpg 1536w, https:\/\/www.aicw.it\/wp-content\/uploads\/2023\/06\/PHOTO-2023-05-29-19-34-55-2-510x510.jpg 510w, https:\/\/www.aicw.it\/wp-content\/uploads\/2023\/06\/PHOTO-2023-05-29-19-34-55-2-1320x1320.jpg 1320w, https:\/\/www.aicw.it\/wp-content\/uploads\/2023\/06\/PHOTO-2023-05-29-19-34-55-2.jpg 1832w\" \/><div class=\"post-action btn btn-skin-dark-shaded inverted\"><a href=\"https:\/\/www.aicw.it\/wp-content\/uploads\/2023\/06\/PHOTO-2023-05-29-19-34-55-2.jpg\" class=\"icn-expand\" data-lb-type=\"grouped-gallery\"><\/a><\/div>\r\n                        <\/div><\/figure><figure class='gallery-item col col-auto'>\r\n                        <div class='gallery-icon portrait czr-gallery-icon'>\r\n                              <a href=https:\/\/www.aicw.it\/index.php\/2023\/06\/01\/ii-tappa-campionato-italiano-giovanile-e-assoluto-fiv-aicw-26-28-maggio-2023-windsurf-club-messina\/ginevra\/ class=\"bg-link\"><\/a><img loading=\"lazy\" decoding=\"async\" width=\"150\" height=\"150\" src=\"https:\/\/www.aicw.it\/wp-content\/uploads\/2023\/06\/ginevra-150x150.jpeg\" class=\"attachment-thumbnail size-thumbnail\" alt=\"\" sizes=\"auto, (min-width: 1200px) 255px, (min-width: 992px) 210px, (min-width: 768px) 150px, (min-width: 576px) 105px, calc( 50vw - 30px )\" \/><div class=\"post-action btn btn-skin-dark-shaded inverted\"><a href=\"https:\/\/www.aicw.it\/wp-content\/uploads\/2023\/06\/ginevra.jpeg\" class=\"icn-expand\" data-lb-type=\"grouped-gallery\"><\/a><\/div>\r\n                        <\/div><\/figure><figure class='gallery-item col col-auto'>\r\n                        <div class='gallery-icon landscape czr-gallery-icon'>\r\n                              <a href=https:\/\/www.aicw.it\/index.php\/2023\/06\/01\/ii-tappa-campionato-italiano-giovanile-e-assoluto-fiv-aicw-26-28-maggio-2023-windsurf-club-messina\/ragazze\/ class=\"bg-link\"><\/a><img loading=\"lazy\" decoding=\"async\" width=\"150\" height=\"150\" src=\"https:\/\/www.aicw.it\/wp-content\/uploads\/2023\/06\/ragazze-150x150.jpeg\" class=\"attachment-thumbnail size-thumbnail\" alt=\"\" sizes=\"auto, (min-width: 1200px) 255px, (min-width: 992px) 210px, (min-width: 768px) 150px, (min-width: 576px) 105px, calc( 50vw - 30px )\" srcset=\"https:\/\/www.aicw.it\/wp-content\/uploads\/2023\/06\/ragazze-150x150.jpeg 150w, https:\/\/www.aicw.it\/wp-content\/uploads\/2023\/06\/ragazze-510x510.jpeg 510w\" \/><div class=\"post-action btn btn-skin-dark-shaded inverted\"><a href=\"https:\/\/www.aicw.it\/wp-content\/uploads\/2023\/06\/ragazze.jpeg\" class=\"icn-expand\" data-lb-type=\"grouped-gallery\"><\/a><\/div>\r\n                        <\/div><\/figure><figure class='gallery-item col col-auto'>\r\n                        <div class='gallery-icon landscape czr-gallery-icon'>\r\n                              <a href=https:\/\/www.aicw.it\/index.php\/2023\/06\/01\/ii-tappa-campionato-italiano-giovanile-e-assoluto-fiv-aicw-26-28-maggio-2023-windsurf-club-messina\/photo-2023-05-29-21-17-10\/ class=\"bg-link\"><\/a><img loading=\"lazy\" decoding=\"async\" width=\"150\" height=\"150\" src=\"https:\/\/www.aicw.it\/wp-content\/uploads\/2023\/06\/PHOTO-2023-05-29-21-17-10-150x150.jpg\" class=\"attachment-thumbnail size-thumbnail\" alt=\"\" sizes=\"auto, (min-width: 1200px) 255px, (min-width: 992px) 210px, (min-width: 768px) 150px, (min-width: 576px) 105px, calc( 50vw - 30px )\" srcset=\"https:\/\/www.aicw.it\/wp-content\/uploads\/2023\/06\/PHOTO-2023-05-29-21-17-10-150x150.jpg 150w, https:\/\/www.aicw.it\/wp-content\/uploads\/2023\/06\/PHOTO-2023-05-29-21-17-10-510x510.jpg 510w\" \/><div class=\"post-action btn btn-skin-dark-shaded inverted\"><a href=\"https:\/\/www.aicw.it\/wp-content\/uploads\/2023\/06\/PHOTO-2023-05-29-21-17-10.jpg\" class=\"icn-expand\" data-lb-type=\"grouped-gallery\"><\/a><\/div>\r\n                        <\/div><\/figure><figure class='gallery-item col col-auto'>\r\n                        <div class='gallery-icon landscape czr-gallery-icon'>\r\n                              <a href=https:\/\/www.aicw.it\/index.php\/2023\/06\/01\/ii-tappa-campionato-italiano-giovanile-e-assoluto-fiv-aicw-26-28-maggio-2023-windsurf-club-messina\/massimiliano-brunetti-prestopino-eugenio\/ class=\"bg-link\"><\/a><img loading=\"lazy\" decoding=\"async\" width=\"150\" height=\"150\" src=\"https:\/\/www.aicw.it\/wp-content\/uploads\/2023\/06\/massimiliano-brunetti-prestopino-eugenio-150x150.jpg\" class=\"attachment-thumbnail size-thumbnail\" alt=\"\" sizes=\"auto, (min-width: 1200px) 255px, (min-width: 992px) 210px, (min-width: 768px) 150px, (min-width: 576px) 105px, calc( 50vw - 30px )\" srcset=\"https:\/\/www.aicw.it\/wp-content\/uploads\/2023\/06\/massimiliano-brunetti-prestopino-eugenio-150x150.jpg 150w, https:\/\/www.aicw.it\/wp-content\/uploads\/2023\/06\/massimiliano-brunetti-prestopino-eugenio-300x300.jpg 300w, https:\/\/www.aicw.it\/wp-content\/uploads\/2023\/06\/massimiliano-brunetti-prestopino-eugenio-1024x1024.jpg 1024w, https:\/\/www.aicw.it\/wp-content\/uploads\/2023\/06\/massimiliano-brunetti-prestopino-eugenio-768x768.jpg 768w, https:\/\/www.aicw.it\/wp-content\/uploads\/2023\/06\/massimiliano-brunetti-prestopino-eugenio-1536x1536.jpg 1536w, https:\/\/www.aicw.it\/wp-content\/uploads\/2023\/06\/massimiliano-brunetti-prestopino-eugenio-510x510.jpg 510w, https:\/\/www.aicw.it\/wp-content\/uploads\/2023\/06\/massimiliano-brunetti-prestopino-eugenio-1320x1320.jpg 1320w, https:\/\/www.aicw.it\/wp-content\/uploads\/2023\/06\/massimiliano-brunetti-prestopino-eugenio.jpg 1832w\" \/><div class=\"post-action btn btn-skin-dark-shaded inverted\"><a href=\"https:\/\/www.aicw.it\/wp-content\/uploads\/2023\/06\/massimiliano-brunetti-prestopino-eugenio.jpg\" class=\"icn-expand\" data-lb-type=\"grouped-gallery\"><\/a><\/div>\r\n                        <\/div><\/figure><figure class='gallery-item col col-auto'>\r\n                        <div class='gallery-icon landscape czr-gallery-icon'>\r\n                              <a href=https:\/\/www.aicw.it\/index.php\/2023\/06\/01\/ii-tappa-campionato-italiano-giovanile-e-assoluto-fiv-aicw-26-28-maggio-2023-windsurf-club-messina\/photo-2023-05-29-19-34-54-2\/ class=\"bg-link\"><\/a><img loading=\"lazy\" decoding=\"async\" width=\"150\" height=\"150\" src=\"https:\/\/www.aicw.it\/wp-content\/uploads\/2023\/06\/PHOTO-2023-05-29-19-34-54-2-150x150.jpg\" class=\"attachment-thumbnail size-thumbnail\" alt=\"\" sizes=\"auto, (min-width: 1200px) 255px, (min-width: 992px) 210px, (min-width: 768px) 150px, (min-width: 576px) 105px, calc( 50vw - 30px )\" srcset=\"https:\/\/www.aicw.it\/wp-content\/uploads\/2023\/06\/PHOTO-2023-05-29-19-34-54-2-150x150.jpg 150w, https:\/\/www.aicw.it\/wp-content\/uploads\/2023\/06\/PHOTO-2023-05-29-19-34-54-2-300x300.jpg 300w, https:\/\/www.aicw.it\/wp-content\/uploads\/2023\/06\/PHOTO-2023-05-29-19-34-54-2-1024x1024.jpg 1024w, https:\/\/www.aicw.it\/wp-content\/uploads\/2023\/06\/PHOTO-2023-05-29-19-34-54-2-768x768.jpg 768w, https:\/\/www.aicw.it\/wp-content\/uploads\/2023\/06\/PHOTO-2023-05-29-19-34-54-2-1536x1536.jpg 1536w, https:\/\/www.aicw.it\/wp-content\/uploads\/2023\/06\/PHOTO-2023-05-29-19-34-54-2-510x510.jpg 510w, https:\/\/www.aicw.it\/wp-content\/uploads\/2023\/06\/PHOTO-2023-05-29-19-34-54-2-1320x1320.jpg 1320w, https:\/\/www.aicw.it\/wp-content\/uploads\/2023\/06\/PHOTO-2023-05-29-19-34-54-2.jpg 1832w\" \/><div class=\"post-action btn btn-skin-dark-shaded inverted\"><a href=\"https:\/\/www.aicw.it\/wp-content\/uploads\/2023\/06\/PHOTO-2023-05-29-19-34-54-2.jpg\" class=\"icn-expand\" data-lb-type=\"grouped-gallery\"><\/a><\/div>\r\n                        <\/div><\/figure><figure class='gallery-item col col-auto'>\r\n                        <div class='gallery-icon landscape czr-gallery-icon'>\r\n                              <a href=https:\/\/www.aicw.it\/index.php\/2023\/06\/01\/ii-tappa-campionato-italiano-giovanile-e-assoluto-fiv-aicw-26-28-maggio-2023-windsurf-club-messina\/photo-2023-05-29-19-34-54\/ class=\"bg-link\"><\/a><img loading=\"lazy\" decoding=\"async\" width=\"150\" height=\"150\" src=\"https:\/\/www.aicw.it\/wp-content\/uploads\/2023\/06\/PHOTO-2023-05-29-19-34-54-150x150.jpg\" class=\"attachment-thumbnail size-thumbnail\" alt=\"\" sizes=\"auto, (min-width: 1200px) 255px, (min-width: 992px) 210px, (min-width: 768px) 150px, (min-width: 576px) 105px, calc( 50vw - 30px )\" srcset=\"https:\/\/www.aicw.it\/wp-content\/uploads\/2023\/06\/PHOTO-2023-05-29-19-34-54-150x150.jpg 150w, https:\/\/www.aicw.it\/wp-content\/uploads\/2023\/06\/PHOTO-2023-05-29-19-34-54-300x300.jpg 300w, https:\/\/www.aicw.it\/wp-content\/uploads\/2023\/06\/PHOTO-2023-05-29-19-34-54-1024x1024.jpg 1024w, https:\/\/www.aicw.it\/wp-content\/uploads\/2023\/06\/PHOTO-2023-05-29-19-34-54-768x768.jpg 768w, https:\/\/www.aicw.it\/wp-content\/uploads\/2023\/06\/PHOTO-2023-05-29-19-34-54-1536x1536.jpg 1536w, https:\/\/www.aicw.it\/wp-content\/uploads\/2023\/06\/PHOTO-2023-05-29-19-34-54-510x510.jpg 510w, https:\/\/www.aicw.it\/wp-content\/uploads\/2023\/06\/PHOTO-2023-05-29-19-34-54-1320x1320.jpg 1320w, https:\/\/www.aicw.it\/wp-content\/uploads\/2023\/06\/PHOTO-2023-05-29-19-34-54.jpg 1832w\" \/><div class=\"post-action btn btn-skin-dark-shaded inverted\"><a href=\"https:\/\/www.aicw.it\/wp-content\/uploads\/2023\/06\/PHOTO-2023-05-29-19-34-54.jpg\" class=\"icn-expand\" data-lb-type=\"grouped-gallery\"><\/a><\/div>\r\n                        <\/div><\/figure>\r\n                  <\/div>\n\n<div id='gallery-2' class='czr-gallery row flex-row czr-gallery-style gallery galleryid-15879 gallery-columns-3 gallery-size-thumbnail'><figure class='gallery-item col col-auto'>\r\n                        <div class='gallery-icon landscape czr-gallery-icon'>\r\n                              <a href=https:\/\/www.aicw.it\/index.php\/2023\/06\/01\/ii-tappa-campionato-italiano-giovanile-e-assoluto-fiv-aicw-26-28-maggio-2023-windsurf-club-messina\/1_michele-laurenza-ph-bruna-ferracane\/ class=\"bg-link\"><\/a><img loading=\"lazy\" decoding=\"async\" width=\"150\" height=\"150\" src=\"https:\/\/www.aicw.it\/wp-content\/uploads\/2023\/06\/1_michele-laurenza-ph-Bruna-Ferracane-150x150.jpg\" class=\"attachment-thumbnail size-thumbnail\" alt=\"\" sizes=\"auto, (min-width: 1200px) 350px, (min-width: 992px) 290px, (min-width: 768px) 210px, (min-width: 576px) 150px, calc( 50vw - 30px )\" aria-describedby=\"gallery-2-15893\" srcset=\"https:\/\/www.aicw.it\/wp-content\/uploads\/2023\/06\/1_michele-laurenza-ph-Bruna-Ferracane-150x150.jpg 150w, https:\/\/www.aicw.it\/wp-content\/uploads\/2023\/06\/1_michele-laurenza-ph-Bruna-Ferracane-510x510.jpg 510w\" \/><div class=\"post-action btn btn-skin-dark-shaded inverted\"><a href=\"https:\/\/www.aicw.it\/wp-content\/uploads\/2023\/06\/1_michele-laurenza-ph-Bruna-Ferracane.jpg\" class=\"icn-expand\" data-lb-type=\"grouped-gallery\" title=\" ph bruna ferracane.JPG\"><\/a><\/div>\r\n                        <\/div>\r\n                              <figcaption class='wp-caption-text gallery-caption' id='gallery-2-15893'>\r\n                               ph bruna ferracane.JPG\r\n                              <\/figcaption><\/figure><figure class='gallery-item col col-auto'>\r\n                        <div class='gallery-icon portrait czr-gallery-icon'>\r\n                              <a href=https:\/\/www.aicw.it\/index.php\/2023\/06\/01\/ii-tappa-campionato-italiano-giovanile-e-assoluto-fiv-aicw-26-28-maggio-2023-windsurf-club-messina\/4_michele-laurenza-ph-bruna-ferracane-jpg\/ class=\"bg-link\"><\/a><img loading=\"lazy\" decoding=\"async\" width=\"150\" height=\"150\" src=\"https:\/\/www.aicw.it\/wp-content\/uploads\/2023\/06\/4_michele-laurenza-ph-bruna-ferracane.JPG-150x150.jpg\" class=\"attachment-thumbnail size-thumbnail\" alt=\"\" sizes=\"auto, (min-width: 1200px) 350px, (min-width: 992px) 290px, (min-width: 768px) 210px, (min-width: 576px) 150px, calc( 50vw - 30px )\" aria-describedby=\"gallery-2-15894\" srcset=\"https:\/\/www.aicw.it\/wp-content\/uploads\/2023\/06\/4_michele-laurenza-ph-bruna-ferracane.JPG-150x150.jpg 150w, https:\/\/www.aicw.it\/wp-content\/uploads\/2023\/06\/4_michele-laurenza-ph-bruna-ferracane.JPG-510x510.jpg 510w\" \/><div class=\"post-action btn btn-skin-dark-shaded inverted\"><a href=\"https:\/\/www.aicw.it\/wp-content\/uploads\/2023\/06\/4_michele-laurenza-ph-bruna-ferracane.JPG.jpg\" class=\"icn-expand\" data-lb-type=\"grouped-gallery\" title=\" ph bruna ferracane.JPG\"><\/a><\/div>\r\n                        <\/div>\r\n                              <figcaption class='wp-caption-text gallery-caption' id='gallery-2-15894'>\r\n                               ph bruna ferracane.JPG\r\n                              <\/figcaption><\/figure><figure class='gallery-item col col-auto'>\r\n                        <div class='gallery-icon landscape czr-gallery-icon'>\r\n                              <a href=https:\/\/www.aicw.it\/index.php\/2023\/06\/01\/ii-tappa-campionato-italiano-giovanile-e-assoluto-fiv-aicw-26-28-maggio-2023-windsurf-club-messina\/2_michele-laurenza-ph-bruna-ferracane\/ class=\"bg-link\"><\/a><img loading=\"lazy\" decoding=\"async\" width=\"150\" height=\"150\" src=\"https:\/\/www.aicw.it\/wp-content\/uploads\/2023\/06\/2_michele-laurenza-ph-bruna-ferracane-150x150.jpg\" class=\"attachment-thumbnail size-thumbnail\" alt=\"\" sizes=\"auto, (min-width: 1200px) 350px, (min-width: 992px) 290px, (min-width: 768px) 210px, (min-width: 576px) 150px, calc( 50vw - 30px )\" aria-describedby=\"gallery-2-15895\" srcset=\"https:\/\/www.aicw.it\/wp-content\/uploads\/2023\/06\/2_michele-laurenza-ph-bruna-ferracane-150x150.jpg 150w, https:\/\/www.aicw.it\/wp-content\/uploads\/2023\/06\/2_michele-laurenza-ph-bruna-ferracane-510x510.jpg 510w\" \/><div class=\"post-action btn btn-skin-dark-shaded inverted\"><a href=\"https:\/\/www.aicw.it\/wp-content\/uploads\/2023\/06\/2_michele-laurenza-ph-bruna-ferracane.jpg\" class=\"icn-expand\" data-lb-type=\"grouped-gallery\" title=\" ph bruna ferracane.JPG\"><\/a><\/div>\r\n                        <\/div>\r\n                              <figcaption class='wp-caption-text gallery-caption' id='gallery-2-15895'>\r\n                               ph bruna ferracane.JPG\r\n                              <\/figcaption><\/figure><figure class='gallery-item col col-auto'>\r\n                        <div class='gallery-icon landscape czr-gallery-icon'>\r\n                              <a href=https:\/\/www.aicw.it\/index.php\/2023\/06\/01\/ii-tappa-campionato-italiano-giovanile-e-assoluto-fiv-aicw-26-28-maggio-2023-windsurf-club-messina\/5_michele-laurenza-ph-bruna-ferracane-jpg\/ class=\"bg-link\"><\/a><img loading=\"lazy\" decoding=\"async\" width=\"150\" height=\"150\" src=\"https:\/\/www.aicw.it\/wp-content\/uploads\/2023\/06\/5_michele-laurenza-ph-bruna-ferracane.JPG-150x150.jpg\" class=\"attachment-thumbnail size-thumbnail\" alt=\"\" sizes=\"auto, (min-width: 1200px) 350px, (min-width: 992px) 290px, (min-width: 768px) 210px, (min-width: 576px) 150px, calc( 50vw - 30px )\" aria-describedby=\"gallery-2-15896\" srcset=\"https:\/\/www.aicw.it\/wp-content\/uploads\/2023\/06\/5_michele-laurenza-ph-bruna-ferracane.JPG-150x150.jpg 150w, https:\/\/www.aicw.it\/wp-content\/uploads\/2023\/06\/5_michele-laurenza-ph-bruna-ferracane.JPG-510x510.jpg 510w\" \/><div class=\"post-action btn btn-skin-dark-shaded inverted\"><a href=\"https:\/\/www.aicw.it\/wp-content\/uploads\/2023\/06\/5_michele-laurenza-ph-bruna-ferracane.JPG.jpg\" class=\"icn-expand\" data-lb-type=\"grouped-gallery\" title=\" ph bruna ferracane.JPG\"><\/a><\/div>\r\n                        <\/div>\r\n                              <figcaption class='wp-caption-text gallery-caption' id='gallery-2-15896'>\r\n                               ph bruna ferracane.JPG\r\n                              <\/figcaption><\/figure><figure class='gallery-item col col-auto'>\r\n                        <div class='gallery-icon landscape czr-gallery-icon'>\r\n                              <a href=https:\/\/www.aicw.it\/index.php\/2023\/06\/01\/ii-tappa-campionato-italiano-giovanile-e-assoluto-fiv-aicw-26-28-maggio-2023-windsurf-club-messina\/3_michele-laurenza-ph-bruna-ferracane-jpg\/ class=\"bg-link\"><\/a><img loading=\"lazy\" decoding=\"async\" width=\"150\" height=\"150\" src=\"https:\/\/www.aicw.it\/wp-content\/uploads\/2023\/06\/3_michele-laurenza-ph-bruna-ferracane.JPG-150x150.jpg\" class=\"attachment-thumbnail size-thumbnail\" alt=\"\" sizes=\"auto, (min-width: 1200px) 350px, (min-width: 992px) 290px, (min-width: 768px) 210px, (min-width: 576px) 150px, calc( 50vw - 30px )\" aria-describedby=\"gallery-2-15897\" srcset=\"https:\/\/www.aicw.it\/wp-content\/uploads\/2023\/06\/3_michele-laurenza-ph-bruna-ferracane.JPG-150x150.jpg 150w, https:\/\/www.aicw.it\/wp-content\/uploads\/2023\/06\/3_michele-laurenza-ph-bruna-ferracane.JPG-510x510.jpg 510w\" \/><div class=\"post-action btn btn-skin-dark-shaded inverted\"><a href=\"https:\/\/www.aicw.it\/wp-content\/uploads\/2023\/06\/3_michele-laurenza-ph-bruna-ferracane.JPG.jpg\" class=\"icn-expand\" data-lb-type=\"grouped-gallery\" title=\" ph bruna ferracane.JPG\"><\/a><\/div>\r\n                        <\/div>\r\n                              <figcaption class='wp-caption-text gallery-caption' id='gallery-2-15897'>\r\n                               ph bruna ferracane.JPG\r\n                              <\/figcaption><\/figure>\r\n                  <\/div>\n\n","protected":false},"excerpt":{"rendered":"<p>Nel week end appena trascorso, nelle acque dello Stretto, a Nord di Messina, ospiti del circolo Windsurf Club Messina, si \u00e8 tenuta la seconda tappa del Campionato Italiano Slalom giovanile e assoluto AICW, Foil e Fin, un fine settimana, in cui le condizioni non molto favorevoli del venerd\u00ec e del sabato, hanno fatto temere per [&hellip;]<\/p>\n","protected":false},"author":3,"featured_media":15771,"comment_status":"closed","ping_status":"closed","sticky":false,"template":"","format":"standard","meta":{"footnotes":""},"categories":[5,4],"tags":[],"class_list":{"0":"post-15879","1":"post","2":"type-post","3":"status-publish","4":"format-standard","5":"has-post-thumbnail","7":"category-latest-news","8":"category-news","9":"czr-hentry"},"_links":{"self":[{"href":"https:\/\/www.aicw.it\/index.php\/wp-json\/wp\/v2\/posts\/15879","targetHints":{"allow":["GET"]}}],"collection":[{"href":"https:\/\/www.aicw.it\/index.php\/wp-json\/wp\/v2\/posts"}],"about":[{"href":"https:\/\/www.aicw.it\/index.php\/wp-json\/wp\/v2\/types\/post"}],"author":[{"embeddable":true,"href":"https:\/\/www.aicw.it\/index.php\/wp-json\/wp\/v2\/users\/3"}],"replies":[{"embeddable":true,"href":"https:\/\/www.aicw.it\/index.php\/wp-json\/wp\/v2\/comments?post=15879"}],"version-history":[{"count":5,"href":"https:\/\/www.aicw.it\/index.php\/wp-json\/wp\/v2\/posts\/15879\/revisions"}],"predecessor-version":[{"id":15901,"href":"https:\/\/www.aicw.it\/index.php\/wp-json\/wp\/v2\/posts\/15879\/revisions\/15901"}],"wp:featuredmedia":[{"embeddable":true,"href":"https:\/\/www.aicw.it\/index.php\/wp-json\/wp\/v2\/media\/15771"}],"wp:attachment":[{"href":"https:\/\/www.aicw.it\/index.php\/wp-json\/wp\/v2\/media?parent=15879"}],"wp:term":[{"taxonomy":"category","embeddable":true,"href":"https:\/\/www.aicw.it\/index.php\/wp-json\/wp\/v2\/categories?post=15879"},{"taxonomy":"post_tag","embeddable":true,"href":"https:\/\/www.aicw.it\/index.php\/wp-json\/wp\/v2\/tags?post=15879"}],"curies":[{"name":"wp","href":"https:\/\/api.w.org\/{rel}","templated":true}]}}