{"id":13232,"date":"2020-11-24T10:05:30","date_gmt":"2020-11-24T09:05:30","guid":{"rendered":"http:\/\/www.aicw.it\/?p=13232"},"modified":"2020-11-24T11:30:41","modified_gmt":"2020-11-24T10:30:41","slug":"comunicato-del-presidente-aicw","status":"publish","type":"post","link":"https:\/\/www.aicw.it\/index.php\/2020\/11\/24\/comunicato-del-presidente-aicw\/","title":{"rendered":"Comunicato del Presidente AICW"},"content":{"rendered":"<p>Cari Amici,<\/p>\n<p>scrivo queste poche righe, le prime dopo la mia elezione, per ringraziare tutti coloro che, in questi pochi mesi, difficili per tutto quello che sappiamo, mi hanno dato comunque la loro disponibilit\u00e0 per cercare di portare avanti, e migliorare, l\u2019AICW per quanto nelle nostre odierne possibilit\u00e0.<\/p>\n<p>Partendo da questa grande disponibilit\u00e0, Vi comunico che AICW per il 2021 sta cercando con tutte le sue forze di ridare vita al movimento zonale, che \u00e8 alla base della crescita del nostro sport a livello agonistico; per fare ci\u00f2 \u00e8 stato suggerito ai Delegati Zonali gi\u00e0 eletti, o che lo saranno nei prossimi mesi, di cercare di organizzare regate sulla base del format One Hour sia fin che foil, e ci\u00f2 per permettere a tutti noi di stare in acqua il pi\u00f9 a lungo possibile e confrontarci, gareggiando, con amici e regatanti di pari livello, oltre poi eventualmente ad organizzare, contestualmente, anche regate con il classico format down wind a batterie, ove le condizioni lo permettano, e senza lasciare nessuno a terra insoddisfatto.<\/p>\n<p>In tale modo auspichiamo che il windsurf agonistico diventi di nuovo, al di l\u00e0 dell\u2019aspetto competitivo, anche un momento di convivialit\u00e0 e festa tra appassionati del mare quali noi siamo.<\/p>\n<p>Proprio per tale ragione abbiamo approvato una categoria supplementare, da affiancare a quelle gi\u00e0 a Voi note, che abbiamo chiamato \u201cSport\u201d e che riguarder\u00e0 solo gli esordienti assoluti che parteciperanno alle regate zonali ed a quello che \u00e8 stato ribattezzato \u201cItalian Slalom Fin &amp; Foil Tour\u201d, e di cui leggerete nella parte relativa alle regate; tale categoria, come quella degli esordienti ad oggi presente nella rinnovata Coppa Italia Formula Windsurfing fin &amp; foil di cui a seguire nella sezione \u201cRegate\u201d, vedr\u00e0 premiati i primi tre migliori esordienti dell\u2019anno 2021 nelle regate appunto zonali e del Tour Italiano Slalom fin &amp; foil, con l\u2019obiettivo poi di incentivare questi neofiti delle regate a crescere sportivamente, ed a confrontarsi nei Campionati Assoluti di Classe.<\/p>\n<p>Per fare ci\u00f2 abbiamo anche rivoluzionato il sistema di tesseramento, con rilevanti novit\u00e0, per le quali Vi rimando al sito istituzionale aicw.it\/tesseramento.<\/p>\n<p>I Consiglieri AICW responsabili di settore, a cui Vi prego di rivolgerVi per ogni necessit\u00e0, saranno i seguenti:<\/p>\n<p>Andrea Volpini: Consigliere addetto al Formula Windsurfing<\/p>\n<p>Massimiliano Brunetti: Consigliere addetto allo Slalom<\/p>\n<p>Matteo Spanu: Consigliere addetto al settore Artistico ed al Foil<\/p>\n<p>Lucio Cozzupoli: Consigliere addetto al Fire-race<\/p>\n<p>Carlo Cottafavi: Vice Presidente, addetto al Raceboard ed ai Bandi di regata<\/p>\n<p>Michele Cicerone sar\u00e0 il nostro Consigliere addetto alla tesoreria, mentre Michela Vacca la nostra consueta e preziosa Coordinatrice Nazionale AICW.<\/p>\n<p>Altra novit\u00e0 \u00e8 rappresentata dall\u2019Ufficio Stampa e social AICW, che verranno seguiti dal nostro amico Fabio Ferrari Pocoleri, che si \u00e8 messo a disposizione per darci una mano.<\/p>\n<p>Ma veniamo ora alle cose importanti quelle che pi\u00f9 Vi interessano, ovvero le REGATE, che, come vedrete, seguono anche, ma non solo, la tendenza ormai stabilizzata del foil:<\/p>\n<p>CAMPIONATI ITALIANI ASSOLUTI<\/p>\n<ul>\n<li>Formula Windsurfing Fin dal 2 al 4 luglio 2021 a San Cataldo (LE)<\/li>\n<li>Slalom \u2013 Raceboard \u2013 Freestyle dal 15 al 18 luglio 2021 a Vieste (FG) Spiaggia Lunga (Windsurf Gran Slam)<\/li>\n<li>Foil Slalom\/Formula dal 10 al 12 settembre 2021 a Torbole (TN)<\/li>\n<li>Wave waiting periods dal 13 marzo al 14 giugno 2021 e dal 12 settembre al 30 novembre 2021 ad<\/li>\n<\/ul>\n<p>Oristano (OR) e a Puzziteddu (TP)<\/p>\n<p>CAMPIONATO ITALIANO SLALOM GIOVANILE FIRERACE FIN &amp; FOIL<\/p>\n<ul>\n<li>1^ Tappa dal 7 al 9 maggio 2021 Messina (ME)<\/li>\n<li>2^ Tappa 12 e 13 giugno 2021 Talamone (GR)<\/li>\n<li>3^ Tappa 3 e 4 luglio 2021 Oristano (OR)<\/li>\n<li>4^ Tappa 8 e 9 settembre 2021 Torbole (TN)<\/li>\n<\/ul>\n<p>&nbsp;<\/p>\n<p>COPPA ITALIA FORMULA WINDSURFING FIN &amp; FOIL<\/p>\n<ul>\n<li>1^ Tappa 8 e 9 maggio 2021 Porto Corsini (RA)<\/li>\n<li>2^ Tappa 29 e 30 maggio 2021 Torre Annunziata (NA)<\/li>\n<li>3^ Tappa 19 e 20 giugno 2021 Lago di Santa Croce (BL)<\/li>\n<li>4^ Tappa 18 e 19 settembre Vindicio (LT)<\/li>\n<\/ul>\n<p>&nbsp;<\/p>\n<p>ITALIAN SLALOM FIN &amp; FOIL TOUR<\/p>\n<ul>\n<li>1^ Tappa 1 e 2 Maggio 2021 \u201cTrofeo Neirotti\u201d Torbole (TN)<\/li>\n<li>2^ Tappa dal 5 al 7 giugno 20121 Calasetta (CI)<\/li>\n<li>3^ Tappa dal 15 al 18 luglio Vieste (FG)<\/li>\n<li>4^ Tappa dal 24 al 26 settembre 2021 Calambrone (PI)<\/li>\n<\/ul>\n<p>&nbsp;<\/p>\n<p>ALTRE REGATE\u00a0 ed EVENTI INTERNAZIONALI in ITALIA<\/p>\n<ul>\n<li>ONE HOUR dal 25 al 27 giugno 2021 Torbole (TN)<\/li>\n<li>SA BARRA FREESTYLE CONTEST a chiamata (TBC) Sant\u2019Antioco (CI)<\/li>\n<li>CAMPIONATO MONDIALE IFCA YOUTH &amp; JUNIOR dal 20 al 24 giugno 2021 Torbole (TN)<\/li>\n<li>CAMPIONATO EUROPEO IFCA dal 9 al 13 giugno 2021 a Calasetta (CI)<\/li>\n<\/ul>\n<p>Credo sia questo un ricco calendario, con molte novit\u00e0 che spero Vi soddisfino, e quindi mi auguro di vederVi tutti presto in acqua senza pi\u00f9 i pensieri dettati dal brutto periodo che stiamo vivendo.<\/p>\n<p>Un forte abbraccio ed una seria raccomandazione di essere prudenti.<\/p>\n<p>Cristiano \u201cCricco\u201d Siringo<\/p>\n","protected":false},"excerpt":{"rendered":"<p>Cari Amici, scrivo queste poche righe, le prime dopo la mia elezione, per ringraziare tutti coloro che, in questi pochi mesi, difficili per tutto quello che sappiamo, mi hanno dato comunque la loro disponibilit\u00e0 per cercare di portare avanti, e migliorare, l\u2019AICW per quanto nelle nostre odierne possibilit\u00e0. Partendo da questa grande disponibilit\u00e0, Vi comunico [&hellip;]<\/p>\n","protected":false},"author":2,"featured_media":0,"comment_status":"closed","ping_status":"closed","sticky":false,"template":"","format":"standard","meta":{"footnotes":""},"categories":[5,4],"tags":[80,22,32,54,56,82,81,83,84,20,11],"class_list":{"0":"post-13232","1":"post","2":"type-post","3":"status-publish","4":"format-standard","6":"category-latest-news","7":"category-news","8":"tag-campionatiwindsurf","9":"tag-ifca","10":"tag-ifcafunboard-aicw-slalom-funboard","11":"tag-aicw","12":"tag-foil","13":"tag-funboard","14":"tag-regate","15":"tag-regate2021","16":"tag-stagione2021","17":"tag-wave","18":"tag-windsurf","19":"czr-hentry"},"_links":{"self":[{"href":"https:\/\/www.aicw.it\/index.php\/wp-json\/wp\/v2\/posts\/13232","targetHints":{"allow":["GET"]}}],"collection":[{"href":"https:\/\/www.aicw.it\/index.php\/wp-json\/wp\/v2\/posts"}],"about":[{"href":"https:\/\/www.aicw.it\/index.php\/wp-json\/wp\/v2\/types\/post"}],"author":[{"embeddable":true,"href":"https:\/\/www.aicw.it\/index.php\/wp-json\/wp\/v2\/users\/2"}],"replies":[{"embeddable":true,"href":"https:\/\/www.aicw.it\/index.php\/wp-json\/wp\/v2\/comments?post=13232"}],"version-history":[{"count":2,"href":"https:\/\/www.aicw.it\/index.php\/wp-json\/wp\/v2\/posts\/13232\/revisions"}],"predecessor-version":[{"id":13234,"href":"https:\/\/www.aicw.it\/index.php\/wp-json\/wp\/v2\/posts\/13232\/revisions\/13234"}],"wp:attachment":[{"href":"https:\/\/www.aicw.it\/index.php\/wp-json\/wp\/v2\/media?parent=13232"}],"wp:term":[{"taxonomy":"category","embeddable":true,"href":"https:\/\/www.aicw.it\/index.php\/wp-json\/wp\/v2\/categories?post=13232"},{"taxonomy":"post_tag","embeddable":true,"href":"https:\/\/www.aicw.it\/index.php\/wp-json\/wp\/v2\/tags?post=13232"}],"curies":[{"name":"wp","href":"https:\/\/api.w.org\/{rel}","templated":true}]}}