{"id":12526,"date":"2019-11-21T10:18:11","date_gmt":"2019-11-21T09:18:11","guid":{"rendered":"http:\/\/www.aicw.it\/?p=12526"},"modified":"2019-12-24T15:04:06","modified_gmt":"2019-12-24T14:04:06","slug":"comunicazione-calendario-2020-provvisorio","status":"publish","type":"post","link":"https:\/\/www.aicw.it\/index.php\/2019\/11\/21\/comunicazione-calendario-2020-provvisorio\/","title":{"rendered":"Comunicazione -Calendario 2020 PROVVISORIO!!!"},"content":{"rendered":"<p>Egregi Soci ed Amici,<\/p>\n<p>Il Consiglio Direttivo AICW si \u00e8 riunito per la stesura del Calendario 2020.<\/p>\n<p>La notizia pi\u00f9 bella ed importante \u00e8 il ritorno del WGS (Windsurf Grand Slam), che si terr\u00e0 a Vieste presso la Spiaggia Lunga dal 2 al 5 Luglio, manifestazione in cui verranno assegnati i titoli Italiani di Slalom, Freestyle e Raceboard; inoltre molto probabilmente si terr\u00e0 anche un criterium foil. Nei prossimi mesi verranno messi a punto tutti i dettagli.<\/p>\n<p><strong><u>Slalom FIN<\/u><\/strong><\/p>\n<p>Oltre al campionato Italiano di Vieste (WGS) vi saranno anche 2 tappe ormai classiche di IST: il Neirotti e la tappa di Calasetta.<\/p>\n<p>Tali 2 tappe di IST saranno inoltre valide per assegnare il Titolo Assoluto di Campione Italiano Slalom\u00a0 nel caso che a Vieste non vi fosse competizione.<\/p>\n<p><strong><u>FW<\/u><\/strong><\/p>\n<p>Per la Formula Windsurfing, ci saranno le solite 4 tappe comprensive del Campionato Italiano, esattamente come quest\u2019anno. (Santa Croce, Porto Corsini e Vindicio); stiamo valutando la possibilit\u00e0 di inserire Torre Annunziata.<\/p>\n<p><strong><u>Firerace<\/u><\/strong><\/p>\n<p>Per quanto riguarda l\u2019attivit\u00e0 giovanile con la Tavola RRD Firerace ci saranno 4 tappe ( Livorno, Torbole, Cagliari, Talamone)<\/p>\n<p><strong><u>Foil<\/u><\/strong><\/p>\n<p>Il Campionato Foil si svolger\u00e0 a Torbole dal 4 al 6 Settembre.<\/p>\n<p>TUTTE le regate FW, Slalom Giovanile saranno con la doppia possibilit\u00e0 di regatare con pinna e Foil.<\/p>\n<p>Italiano Wave a chiamata probabilmente in Sardegna e Freestyle a Vieste<\/p>\n<p>Al momento il calendario \u00e8 da ritenersi provvisorio dato che stiamo aspettando le necessarie autorizzazioni da parte di Federvela .<\/p>\n<p><a href=\"http:\/\/www.aicw.it\/index.php\/calendario-regate-2020-provvisorio\/\">calendario aicw 2020 provvisorio<\/a><\/p>\n","protected":false},"excerpt":{"rendered":"<p>Egregi Soci ed Amici, Il Consiglio Direttivo AICW si \u00e8 riunito per la stesura del Calendario 2020. La notizia pi\u00f9 bella ed importante \u00e8 il ritorno del WGS (Windsurf Grand Slam), che si terr\u00e0 a Vieste presso la Spiaggia Lunga dal 2 al 5 Luglio, manifestazione in cui verranno assegnati i titoli Italiani di Slalom, [&hellip;]<\/p>\n","protected":false},"author":2,"featured_media":11640,"comment_status":"closed","ping_status":"closed","sticky":false,"template":"","format":"standard","meta":{"footnotes":""},"categories":[5,4],"tags":[],"class_list":{"0":"post-12526","1":"post","2":"type-post","3":"status-publish","4":"format-standard","5":"has-post-thumbnail","7":"category-latest-news","8":"category-news","9":"czr-hentry"},"_links":{"self":[{"href":"https:\/\/www.aicw.it\/index.php\/wp-json\/wp\/v2\/posts\/12526","targetHints":{"allow":["GET"]}}],"collection":[{"href":"https:\/\/www.aicw.it\/index.php\/wp-json\/wp\/v2\/posts"}],"about":[{"href":"https:\/\/www.aicw.it\/index.php\/wp-json\/wp\/v2\/types\/post"}],"author":[{"embeddable":true,"href":"https:\/\/www.aicw.it\/index.php\/wp-json\/wp\/v2\/users\/2"}],"replies":[{"embeddable":true,"href":"https:\/\/www.aicw.it\/index.php\/wp-json\/wp\/v2\/comments?post=12526"}],"version-history":[{"count":6,"href":"https:\/\/www.aicw.it\/index.php\/wp-json\/wp\/v2\/posts\/12526\/revisions"}],"predecessor-version":[{"id":12611,"href":"https:\/\/www.aicw.it\/index.php\/wp-json\/wp\/v2\/posts\/12526\/revisions\/12611"}],"wp:featuredmedia":[{"embeddable":true,"href":"https:\/\/www.aicw.it\/index.php\/wp-json\/wp\/v2\/media\/11640"}],"wp:attachment":[{"href":"https:\/\/www.aicw.it\/index.php\/wp-json\/wp\/v2\/media?parent=12526"}],"wp:term":[{"taxonomy":"category","embeddable":true,"href":"https:\/\/www.aicw.it\/index.php\/wp-json\/wp\/v2\/categories?post=12526"},{"taxonomy":"post_tag","embeddable":true,"href":"https:\/\/www.aicw.it\/index.php\/wp-json\/wp\/v2\/tags?post=12526"}],"curies":[{"name":"wp","href":"https:\/\/api.w.org\/{rel}","templated":true}]}}